{"id":123285,"date":"2018-10-19T15:45:11","date_gmt":"2018-10-19T18:45:11","guid":{"rendered":"https:\/\/diarioregionaldigital.com.br\/?p=123285"},"modified":"2018-10-19T15:53:09","modified_gmt":"2018-10-19T18:53:09","slug":"tse-adia-para-domingo-anuncio-de-medidas-contra-noticias-falsas","status":"publish","type":"post","link":"https:\/\/diarioregionaldigital.com.br\/?p=123285","title":{"rendered":"TSE adia para domingo an\u00fancio de medidas contra not\u00edcias falsas"},"content":{"rendered":"<p>O Tribunal Superior Eleitoral (TSE) adiou para domingo, 21, \u00e0s 14h, a entrevista coletiva marcada para esta tarde para anunciar medidas de combate \u00e0 dissemina\u00e7\u00e3o de not\u00edcias falsas (<em>fake news<\/em>) nas redes sociais. A entrevista foi adiada por causa de\u00a0 incompatibilidades nas agendas dos participantes.<\/p>\n<p>A coletiva foi anunciada ap\u00f3s o TSE receber cobran\u00e7as sobre as medidas efetivas para impedir candidatos e partidos de compartilhar conte\u00fado falso durante a campanha eleitoral.<\/p>\n<p>Nessa quinta-feira, 18, a coliga\u00e7\u00e3o que sustenta a candidatura de Fernando Haddad (PT) \u00e0 Presid\u00eancia da Rep\u00fablica e o PSOL entraram com pedidos no TSE para que a candidatura de Jair Bolsonaro (PSL) seja investigada em raz\u00e3o das suspeitas de uso de sistemas de envio de mensagens em massa na plataforma WhatsApp custeados por empresas de apoiadores do candidato.<\/p>\n<p>Pelo Twitter, Bolsonaro afirmou que n\u00e3o tem controle sobre apoios volunt\u00e1rios e que o PT n\u00e3o est\u00e1 sendo prejudicado por\u00a0<em>fake news<\/em>, e sim pela \u201cverdade\u201d.<\/p>\n<p>Dever\u00e3o participar da coletiva prevista no pr\u00f3ximo domingo a presidente do TSE, ministra Rosa Weber, os ministros Raul Jungmann, da Seguran\u00e7a P\u00fablica, e S\u00e9rgio Etchegoyen, do Gabinete de Seguran\u00e7a Institucional da Presid\u00eancia da Rep\u00fablica, a procuradora-geral da Rep\u00fablica, Raquel Dodge, a advogada-geral da Uni\u00e3o, Grace Mendon\u00e7a, e o diretor-geral da Pol\u00edcia Federal, Rog\u00e9rio Galloro.<\/p>\n<p>&nbsp;<\/p>\n<p>Fonte: Ag\u00eancia Brasil<\/p>\n","protected":false},"excerpt":{"rendered":"<p>O Tribunal Superior Eleitoral (TSE) adiou para domingo, 21, \u00e0s 14h, a entrevista coletiva marcada para esta tarde para anunciar medidas de combate \u00e0 dissemina\u00e7\u00e3o de not\u00edcias falsas (fake news) nas redes sociais. A entrevista foi adiada por causa de\u00a0 incompatibilidades nas agendas dos participantes. A coletiva foi anunciada ap\u00f3s o TSE receber cobran\u00e7as sobre [&hellip;]<\/p>\n","protected":false},"author":96,"featured_media":123286,"comment_status":"closed","ping_status":"closed","sticky":false,"template":"","format":"standard","meta":{"footnotes":""},"categories":[436,254,439],"tags":[],"class_list":["post-123285","post","type-post","status-publish","format-standard","has-post-thumbnail","hentry","category-destaque-da-semana","category-politica","category-ultima-hora"],"_links":{"self":[{"href":"https:\/\/diarioregionaldigital.com.br\/index.php?rest_route=\/wp\/v2\/posts\/123285","targetHints":{"allow":["GET"]}}],"collection":[{"href":"https:\/\/diarioregionaldigital.com.br\/index.php?rest_route=\/wp\/v2\/posts"}],"about":[{"href":"https:\/\/diarioregionaldigital.com.br\/index.php?rest_route=\/wp\/v2\/types\/post"}],"author":[{"embeddable":true,"href":"https:\/\/diarioregionaldigital.com.br\/index.php?rest_route=\/wp\/v2\/users\/96"}],"replies":[{"embeddable":true,"href":"https:\/\/diarioregionaldigital.com.br\/index.php?rest_route=%2Fwp%2Fv2%2Fcomments&post=123285"}],"version-history":[{"count":0,"href":"https:\/\/diarioregionaldigital.com.br\/index.php?rest_route=\/wp\/v2\/posts\/123285\/revisions"}],"wp:featuredmedia":[{"embeddable":true,"href":"https:\/\/diarioregionaldigital.com.br\/index.php?rest_route=\/wp\/v2\/media\/123286"}],"wp:attachment":[{"href":"https:\/\/diarioregionaldigital.com.br\/index.php?rest_route=%2Fwp%2Fv2%2Fmedia&parent=123285"}],"wp:term":[{"taxonomy":"category","embeddable":true,"href":"https:\/\/diarioregionaldigital.com.br\/index.php?rest_route=%2Fwp%2Fv2%2Fcategories&post=123285"},{"taxonomy":"post_tag","embeddable":true,"href":"https:\/\/diarioregionaldigital.com.br\/index.php?rest_route=%2Fwp%2Fv2%2Ftags&post=123285"}],"curies":[{"name":"wp","href":"https:\/\/api.w.org\/{rel}","templated":true}]}}