{"id":123254,"date":"2018-10-21T08:00:22","date_gmt":"2018-10-21T10:00:22","guid":{"rendered":"https:\/\/diarioregionaldigital.com.br\/?p=123254"},"modified":"2018-10-19T15:16:21","modified_gmt":"2018-10-19T18:16:21","slug":"fashion-news-21","status":"publish","type":"post","link":"https:\/\/diarioregionaldigital.com.br\/?p=123254","title":{"rendered":"FASHION NEWS"},"content":{"rendered":"<h1><strong>TRENDS<\/strong><\/h1>\n<h2><strong>Linho<\/strong><\/h2>\n<p><img loading=\"lazy\" decoding=\"async\" class=\"alignnone wp-image-123260\" src=\"https:\/\/diarioregionaldigital.com.br\/wp-content\/uploads\/2018\/10\/LINHO-200x300.jpg\" alt=\"\" width=\"344\" height=\"516\" srcset=\"https:\/\/diarioregionaldigital.com.br\/wp-content\/uploads\/2018\/10\/LINHO-200x300.jpg 200w, https:\/\/diarioregionaldigital.com.br\/wp-content\/uploads\/2018\/10\/LINHO-360x541.jpg 360w, https:\/\/diarioregionaldigital.com.br\/wp-content\/uploads\/2018\/10\/LINHO.jpg 564w\" sizes=\"auto, (max-width: 344px) 100vw, 344px\" \/><\/p>\n<p><span style=\"font-size: 12pt\">Um dos tecidos mais frescos e confort\u00e1veis, o linho \u00e9 tend\u00eancia fort\u00edssima nesse ver\u00e3o! Al\u00e9m de nos manter fresquinhas nos dias de temperatura mais alta, ele fica \u00f3timo em combina\u00e7\u00f5es com bolsas de palha e flats, que s\u00e3o a cara da esta\u00e7\u00e3o!<\/span><\/p>\n<h2><strong>Snake<\/strong><\/h2>\n<p><img loading=\"lazy\" decoding=\"async\" class=\"alignnone wp-image-123263\" src=\"https:\/\/diarioregionaldigital.com.br\/wp-content\/uploads\/2018\/10\/SNAKE-188x300.jpg\" alt=\"\" width=\"342\" height=\"546\" srcset=\"https:\/\/diarioregionaldigital.com.br\/wp-content\/uploads\/2018\/10\/SNAKE-188x300.jpg 188w, https:\/\/diarioregionaldigital.com.br\/wp-content\/uploads\/2018\/10\/SNAKE-360x576.jpg 360w, https:\/\/diarioregionaldigital.com.br\/wp-content\/uploads\/2018\/10\/SNAKE.jpg 564w\" sizes=\"auto, (max-width: 342px) 100vw, 342px\" \/><\/p>\n<p><span style=\"font-size: 12pt\">Que o animal print \u00e9 um cl\u00e1ssico ningu\u00e9m duvida e depois das on\u00e7as \u00e9 a vez das cobras fazerem a cabe\u00e7a das fashionistas de plant\u00e3o! A snake print vem marcando presen\u00e7a nas ruas em look para l\u00e1 de estilosos, presentes em cal\u00e7as, bolsas, botas, saias, camisas e por a\u00ed vai&#8230; Se ainda n\u00e3o se sente muito \u00e0 vontade para usar e abusar da estampa, comece com os acess\u00f3rios, eles j\u00e1 v\u00e3o das um up no visual. E ah, n\u00e3o se esque\u00e7a, fake, \u00e9 claro!<\/span><\/p>\n<h2><strong>\u00d3culos gatinho<\/strong><\/h2>\n<p><strong>\u00a0<img loading=\"lazy\" decoding=\"async\" class=\"alignnone wp-image-123262\" src=\"https:\/\/diarioregionaldigital.com.br\/wp-content\/uploads\/2018\/10\/OCULOS-GATINHO-300x300.jpg\" alt=\"\" width=\"341\" height=\"341\" srcset=\"https:\/\/diarioregionaldigital.com.br\/wp-content\/uploads\/2018\/10\/OCULOS-GATINHO-300x300.jpg 300w, https:\/\/diarioregionaldigital.com.br\/wp-content\/uploads\/2018\/10\/OCULOS-GATINHO-150x150.jpg 150w, https:\/\/diarioregionaldigital.com.br\/wp-content\/uploads\/2018\/10\/OCULOS-GATINHO-180x180.jpg 180w, https:\/\/diarioregionaldigital.com.br\/wp-content\/uploads\/2018\/10\/OCULOS-GATINHO-120x120.jpg 120w, https:\/\/diarioregionaldigital.com.br\/wp-content\/uploads\/2018\/10\/OCULOS-GATINHO-360x360.jpg 360w, https:\/\/diarioregionaldigital.com.br\/wp-content\/uploads\/2018\/10\/OCULOS-GATINHO-80x80.jpg 80w, https:\/\/diarioregionaldigital.com.br\/wp-content\/uploads\/2018\/10\/OCULOS-GATINHO.jpg 500w\" sizes=\"auto, (max-width: 341px) 100vw, 341px\" \/><\/strong><\/p>\n<p><span style=\"font-size: 12pt\">Os \u00f3culos gatinho ca\u00edram nas gra\u00e7as das mais fashionistas! O acess\u00f3rio \u00e9 o mais badalado do momento e tem o poder de esconder aquela cara de ontem: o \u00f3culos certo para o seu rosto pode mudar completamente uma produ\u00e7\u00e3o!\u00a0 Vale experimentar e achar o que mais combina com voc\u00ea, com seu estilo!\u00a0 Escolha os seus considerando o formato do rosto, o tom da sua pele. Com certeza um dos acess\u00f3rios mais democr\u00e1ticos da moda vai te conquistar.<\/span><\/p>\n<p><strong>\u00a0<\/strong><\/p>\n<h1><strong>HALLOWEEN VIBES<\/strong><\/h1>\n<p><strong>\u00a0<\/strong><\/p>\n<p><span style=\"font-size: 12pt\">Outubro \u00e9 o m\u00eas do Halloween! A festa super tradicional dos Estados Unidos \u00e9 celebrada no dia 31, e por aqui as comemora\u00e7\u00f5es j\u00e1 come\u00e7aram com festas tem\u00e1ticas. Deixou pra \u00faltima hora e n\u00e3o tem fantasia?<\/span><\/p>\n<p><span style=\"font-size: 12pt\">Calma, porque uns bons truques de make podem salvar a noite, principalmente para dar aquele toque l\u00fadico sem exageros<\/span><\/p>\n<p>&nbsp;<\/p>\n<h2><strong>O delineador colorido<\/strong><\/h2>\n<p><img loading=\"lazy\" decoding=\"async\" class=\"alignnone wp-image-123257\" src=\"https:\/\/diarioregionaldigital.com.br\/wp-content\/uploads\/2018\/10\/DELINEADOR-COLORIDO-221x300.jpg\" alt=\"\" width=\"303\" height=\"411\" srcset=\"https:\/\/diarioregionaldigital.com.br\/wp-content\/uploads\/2018\/10\/DELINEADOR-COLORIDO-221x300.jpg 221w, https:\/\/diarioregionaldigital.com.br\/wp-content\/uploads\/2018\/10\/DELINEADOR-COLORIDO-360x489.jpg 360w, https:\/\/diarioregionaldigital.com.br\/wp-content\/uploads\/2018\/10\/DELINEADOR-COLORIDO.jpg 554w\" sizes=\"auto, (max-width: 303px) 100vw, 303px\" \/><\/p>\n<p><span style=\"font-size: 12pt\">Um toque de cor nos olhos podem dar o toque perfeito! Os delineadores coloridos cumprem o papel como nenhum outro item, inclusive os metalizados.<\/span><\/p>\n<h2><strong>O glitter nos l\u00e1bios<\/strong><\/h2>\n<p><img loading=\"lazy\" decoding=\"async\" class=\"alignnone wp-image-123261\" src=\"https:\/\/diarioregionaldigital.com.br\/wp-content\/uploads\/2018\/10\/O-GLITTER-NOS-LABIOS-300x258.jpg\" alt=\"\" width=\"337\" height=\"290\" srcset=\"https:\/\/diarioregionaldigital.com.br\/wp-content\/uploads\/2018\/10\/O-GLITTER-NOS-LABIOS-300x258.jpg 300w, https:\/\/diarioregionaldigital.com.br\/wp-content\/uploads\/2018\/10\/O-GLITTER-NOS-LABIOS-360x310.jpg 360w, https:\/\/diarioregionaldigital.com.br\/wp-content\/uploads\/2018\/10\/O-GLITTER-NOS-LABIOS.jpg 446w\" sizes=\"auto, (max-width: 337px) 100vw, 337px\" \/><\/p>\n<p><span style=\"font-size: 12pt\">O glitter voltou a ser um hit no mundo da maquiagem e nas festas de Halloween ele \u00e9 presen\u00e7a marcada! Aposte nas cores caracter\u00edsticas e salve aquela produ\u00e7\u00e3o sem gra\u00e7a!<\/span><\/p>\n<p>&nbsp;<\/p>\n<h2><strong>O giz de cabelo<\/strong><\/h2>\n<p><img loading=\"lazy\" decoding=\"async\" class=\"alignnone wp-image-123258\" src=\"https:\/\/diarioregionaldigital.com.br\/wp-content\/uploads\/2018\/10\/GIZ-DE-CABELO-249x300.jpg\" alt=\"\" width=\"332\" height=\"400\" srcset=\"https:\/\/diarioregionaldigital.com.br\/wp-content\/uploads\/2018\/10\/GIZ-DE-CABELO-249x300.jpg 249w, https:\/\/diarioregionaldigital.com.br\/wp-content\/uploads\/2018\/10\/GIZ-DE-CABELO-360x435.jpg 360w, https:\/\/diarioregionaldigital.com.br\/wp-content\/uploads\/2018\/10\/GIZ-DE-CABELO.jpg 507w\" sizes=\"auto, (max-width: 332px) 100vw, 332px\" \/><\/p>\n<p><span style=\"font-size: 12pt\">O giz de cabelo j\u00e1 se tornou um queridinho nas \u00e9pocas festivas, e no dia da bruxas ele \u00e9 super bem vindo. Ideal para aquela colora\u00e7\u00e3o que dura s\u00f3 um dia, n\u00e3o danifica os cabelos e \u00e9 quase uma fantasia pronta! Vale o investimento.<\/span><\/p>\n<p>&nbsp;<\/p>\n<h1><strong>CLICK IN MODA<\/strong><\/h1>\n<p><img loading=\"lazy\" decoding=\"async\" class=\"alignnone wp-image-123256\" src=\"https:\/\/diarioregionaldigital.com.br\/wp-content\/uploads\/2018\/10\/CLICK-IN-MODA-200x300.jpg\" alt=\"\" width=\"353\" height=\"530\" srcset=\"https:\/\/diarioregionaldigital.com.br\/wp-content\/uploads\/2018\/10\/CLICK-IN-MODA-200x300.jpg 200w, https:\/\/diarioregionaldigital.com.br\/wp-content\/uploads\/2018\/10\/CLICK-IN-MODA-768x1152.jpg 768w, https:\/\/diarioregionaldigital.com.br\/wp-content\/uploads\/2018\/10\/CLICK-IN-MODA-683x1024.jpg 683w, https:\/\/diarioregionaldigital.com.br\/wp-content\/uploads\/2018\/10\/CLICK-IN-MODA-360x540.jpg 360w, https:\/\/diarioregionaldigital.com.br\/wp-content\/uploads\/2018\/10\/CLICK-IN-MODA.jpg 1080w\" sizes=\"auto, (max-width: 353px) 100vw, 353px\" \/><\/p>\n<p><span style=\"font-size: 12pt\">O click da semana \u00e9 de Ana Paula Calixto para as lentes da talentosa Aline Bastos. Com uma produ\u00e7\u00e3o Twenty Four Seven e beleza de Jael Pifano e Equipe, o click aconteceu na inaugura\u00e7\u00e3o da nova loja Baldi J\u00f3ias, no Spazio Shopping Design.<\/span><\/p>\n<p>&nbsp;<\/p>\n<h3><strong>LEN\u00c7OS: MIL E UMA UTILIDADES! <\/strong><\/h3>\n<p><img loading=\"lazy\" decoding=\"async\" class=\"alignnone wp-image-123259\" src=\"https:\/\/diarioregionaldigital.com.br\/wp-content\/uploads\/2018\/10\/LEN\u00c7OS-MIL-E-UMA-UTILIDADES-296x300.jpg\" alt=\"\" width=\"369\" height=\"374\" srcset=\"https:\/\/diarioregionaldigital.com.br\/wp-content\/uploads\/2018\/10\/LEN\u00c7OS-MIL-E-UMA-UTILIDADES-296x300.jpg 296w, https:\/\/diarioregionaldigital.com.br\/wp-content\/uploads\/2018\/10\/LEN\u00c7OS-MIL-E-UMA-UTILIDADES-360x365.jpg 360w, https:\/\/diarioregionaldigital.com.br\/wp-content\/uploads\/2018\/10\/LEN\u00c7OS-MIL-E-UMA-UTILIDADES-80x80.jpg 80w, https:\/\/diarioregionaldigital.com.br\/wp-content\/uploads\/2018\/10\/LEN\u00c7OS-MIL-E-UMA-UTILIDADES.jpg 619w\" sizes=\"auto, (max-width: 369px) 100vw, 369px\" \/><\/p>\n<p><span style=\"font-size: 12pt\">Como um peda\u00e7o de pano pode transformar o seu look com um toque fashion ou sofisticado. Bem colocado, esse acess\u00f3rio pode mudar totalmente o look, pode ser usado de diferentes formas , amarrado no pesco\u00e7o , fazendo as vezes de cinto , no cabelo e at\u00e9 como pulseiras ou tornozeleiras . Mas n\u00e3o precisa inventar muito para fazer bonito , passar pelo pesco\u00e7o , dar a volta e amarrar na frente sempre d\u00e1 certo , n\u00e3o tem segredo, abuse dessa praticidade!<\/span><\/p>\n<p>&nbsp;<\/p>\n<h5 style=\"text-align: center\"><strong>Colaboradoras:<\/strong><\/h5>\n<h5 style=\"text-align: center\">Deusiane Ladeira<\/h5>\n<h5 style=\"text-align: center\">Maria Eduarda Ver\u00edssimo<\/h5>\n<h5 style=\"text-align: center\">Mariana Assad<\/h5>\n","protected":false},"excerpt":{"rendered":"<p>TRENDS Linho Um dos tecidos mais frescos e confort\u00e1veis, o linho \u00e9 tend\u00eancia fort\u00edssima nesse ver\u00e3o! Al\u00e9m de nos manter fresquinhas nos dias de temperatura mais alta, ele fica \u00f3timo em combina\u00e7\u00f5es com bolsas de palha e flats, que s\u00e3o a cara da esta\u00e7\u00e3o! Snake Que o animal print \u00e9 um cl\u00e1ssico ningu\u00e9m duvida e [&hellip;]<\/p>\n","protected":false},"author":96,"featured_media":0,"comment_status":"closed","ping_status":"closed","sticky":false,"template":"","format":"standard","meta":{"footnotes":""},"categories":[285],"tags":[],"class_list":["post-123254","post","type-post","status-publish","format-standard","hentry","category-moda-ana-paula-calixto"],"_links":{"self":[{"href":"https:\/\/diarioregionaldigital.com.br\/index.php?rest_route=\/wp\/v2\/posts\/123254","targetHints":{"allow":["GET"]}}],"collection":[{"href":"https:\/\/diarioregionaldigital.com.br\/index.php?rest_route=\/wp\/v2\/posts"}],"about":[{"href":"https:\/\/diarioregionaldigital.com.br\/index.php?rest_route=\/wp\/v2\/types\/post"}],"author":[{"embeddable":true,"href":"https:\/\/diarioregionaldigital.com.br\/index.php?rest_route=\/wp\/v2\/users\/96"}],"replies":[{"embeddable":true,"href":"https:\/\/diarioregionaldigital.com.br\/index.php?rest_route=%2Fwp%2Fv2%2Fcomments&post=123254"}],"version-history":[{"count":0,"href":"https:\/\/diarioregionaldigital.com.br\/index.php?rest_route=\/wp\/v2\/posts\/123254\/revisions"}],"wp:attachment":[{"href":"https:\/\/diarioregionaldigital.com.br\/index.php?rest_route=%2Fwp%2Fv2%2Fmedia&parent=123254"}],"wp:term":[{"taxonomy":"category","embeddable":true,"href":"https:\/\/diarioregionaldigital.com.br\/index.php?rest_route=%2Fwp%2Fv2%2Fcategories&post=123254"},{"taxonomy":"post_tag","embeddable":true,"href":"https:\/\/diarioregionaldigital.com.br\/index.php?rest_route=%2Fwp%2Fv2%2Ftags&post=123254"}],"curies":[{"name":"wp","href":"https:\/\/api.w.org\/{rel}","templated":true}]}}