{"id":123220,"date":"2018-10-19T05:57:37","date_gmt":"2018-10-19T08:57:37","guid":{"rendered":"https:\/\/diarioregionaldigital.com.br\/?p=123220"},"modified":"2018-10-19T09:12:41","modified_gmt":"2018-10-19T12:12:41","slug":"primeira-incursao-de-equipe-do-colab-gera-expectativas-para-novos-recursos-do-aplicativo","status":"publish","type":"post","link":"https:\/\/diarioregionaldigital.com.br\/?p=123220","title":{"rendered":"Primeira incurs\u00e3o de equipe do Colab gera expectativas para novos recursos do aplicativo"},"content":{"rendered":"<p>O lan\u00e7amento dos novos recursos do aplicativo de participa\u00e7\u00e3o popular Colab deu in\u00edcio a uma s\u00e9rie de capacita\u00e7\u00f5es e reuni\u00f5es com secretarias da Prefeitura da Juiz de Fora (PJF). A equipe formada pelo coordenador de Opera\u00e7\u00f5es do Colab, Guilherme Andrade, e pelo gerente de Opera\u00e7\u00f5es, Gustavo Carvalho, passa a ter compromissos mensais na cidade para acompanhar a implanta\u00e7\u00e3o do novo m\u00f3dulo e desenvolvimento das ferramentas do aplicativo.<\/p>\n<p>Ap\u00f3s a sequ\u00eancia de treinamentos junto aos servidores, a equipe Colab participou de uma integra\u00e7\u00e3o na Secretaria de Transporte e Tr\u00e2nsito (Settra), nrsta quinta-feira, 18, com o secret\u00e1rio da pasta Rodrigo Tortoriello. Na Settra, a equipe foi apresentada ao Centro de Controle e Monitoramento. O centro \u00e9 respons\u00e1vel pela supervis\u00e3o, pelo monitoramento e pela opera\u00e7\u00e3o do funcionamento do tr\u00e2nsito e oferece informa\u00e7\u00f5es em tempo real no site da PJF. A supervis\u00e3o trabalha de forma integrada \u00e0s atualiza\u00e7\u00f5es dos aplicativos Waze e CittaMobi.<\/p>\n<p>Na parte da tarde, a equipe do Colab integrou diversos alinhamentos junto a servidores da Secretaria de Planejamento e Gest\u00e3o (Seplag) e um balan\u00e7o geral das reuni\u00f5es e treinamentos com o secret\u00e1rio de Comunica\u00e7\u00e3o Social, Michael Guedes. \u201cEssa expans\u00e3o do trabalho do Colab prev\u00ea a presen\u00e7a mensal da equipe aqui, o que enriquece todo o processo. Os servidores receberam bem os treinamentos, como uma oportunidade de ampliarmos a participa\u00e7\u00e3o do cidad\u00e3o\u201d, afirmou o secret\u00e1rio.<\/p>\n<p>O gerente de Opera\u00e7\u00f5es, Gustavo Carvalho, ressaltou o dinamismo das a\u00e7\u00f5es na Prefeitura no Colab. \u201cO trabalho de Juiz de Fora j\u00e1 havia me impactado bem positivamente por conta da din\u00e2mica e do fluxo j\u00e1 estruturados no atendimento ao cidad\u00e3o. Estou bem ansioso para aprofundarmos esse trabalho principalmente pela sinergia que pudemos sentir aqui entre a demanda que o Colab traz e a maneira como a administra\u00e7\u00e3o se relaciona com a cidade, criando esse dedo de prosa digital atrav\u00e9s das consultas \u00e0 popula\u00e7\u00e3o\u201d.<\/p>\n<h3><b>Colab<\/b><\/h3>\n<p>O Colab foi considerado o melhor aplicativo urbano do mundo em 2013 pela News Cities Foundation, e ficou entre os cinco melhores aplicativos de participa\u00e7\u00e3o e Governo do mundo, pela Organiza\u00e7\u00e3o das Na\u00e7\u00f5es Unidas (ONU) em 2015. No mesmo ano foram apontados como neg\u00f3cio com maior impacto social do mundo e a plataforma com maior potencial global, pelo Banco Interamericano de Desenvolvimento (BID).<\/p>\n<p><em>Fonte: Assessoria<\/em><\/p>\n","protected":false},"excerpt":{"rendered":"<p>O lan\u00e7amento dos novos recursos do aplicativo de participa\u00e7\u00e3o popular Colab deu in\u00edcio a uma s\u00e9rie de capacita\u00e7\u00f5es e reuni\u00f5es com secretarias da Prefeitura da Juiz de Fora (PJF). A equipe formada pelo coordenador de Opera\u00e7\u00f5es do Colab, Guilherme Andrade, e pelo gerente de Opera\u00e7\u00f5es, Gustavo Carvalho, passa a ter compromissos mensais na cidade para [&hellip;]<\/p>\n","protected":false},"author":96,"featured_media":0,"comment_status":"closed","ping_status":"closed","sticky":false,"template":"","format":"standard","meta":{"footnotes":""},"categories":[253,436,440,439],"tags":[],"class_list":["post-123220","post","type-post","status-publish","format-standard","hentry","category-cidade","category-destaque-da-semana","category-destaques-do-dia","category-ultima-hora"],"_links":{"self":[{"href":"https:\/\/diarioregionaldigital.com.br\/index.php?rest_route=\/wp\/v2\/posts\/123220","targetHints":{"allow":["GET"]}}],"collection":[{"href":"https:\/\/diarioregionaldigital.com.br\/index.php?rest_route=\/wp\/v2\/posts"}],"about":[{"href":"https:\/\/diarioregionaldigital.com.br\/index.php?rest_route=\/wp\/v2\/types\/post"}],"author":[{"embeddable":true,"href":"https:\/\/diarioregionaldigital.com.br\/index.php?rest_route=\/wp\/v2\/users\/96"}],"replies":[{"embeddable":true,"href":"https:\/\/diarioregionaldigital.com.br\/index.php?rest_route=%2Fwp%2Fv2%2Fcomments&post=123220"}],"version-history":[{"count":0,"href":"https:\/\/diarioregionaldigital.com.br\/index.php?rest_route=\/wp\/v2\/posts\/123220\/revisions"}],"wp:attachment":[{"href":"https:\/\/diarioregionaldigital.com.br\/index.php?rest_route=%2Fwp%2Fv2%2Fmedia&parent=123220"}],"wp:term":[{"taxonomy":"category","embeddable":true,"href":"https:\/\/diarioregionaldigital.com.br\/index.php?rest_route=%2Fwp%2Fv2%2Fcategories&post=123220"},{"taxonomy":"post_tag","embeddable":true,"href":"https:\/\/diarioregionaldigital.com.br\/index.php?rest_route=%2Fwp%2Fv2%2Ftags&post=123220"}],"curies":[{"name":"wp","href":"https:\/\/api.w.org\/{rel}","templated":true}]}}