{"id":123209,"date":"2018-10-21T06:00:38","date_gmt":"2018-10-21T08:00:38","guid":{"rendered":"https:\/\/diarioregionaldigital.com.br\/?p=123209"},"modified":"2018-10-20T05:12:02","modified_gmt":"2018-10-20T08:12:02","slug":"moda-show-7","status":"publish","type":"post","link":"https:\/\/diarioregionaldigital.com.br\/?p=123209","title":{"rendered":"Moda-Show"},"content":{"rendered":"<p style=\"text-align: center;\"><strong>Solidariedade<\/strong><\/p>\n<p style=\"text-align: center;\">No m\u00eas das crian\u00e7as, a equipe da Pediatria e UTI Neonatal do Hospital e Maternidade Therezinha de Jesus fez bonito. Em momento emocionante, apresentou uma atra\u00e7\u00e3o in\u00e9dita. Em parceria com a loja Mundo M\u00e1gico, enfermeiros, t\u00e9cnicos e m\u00e9dicos residentes se vestiram de her\u00f3is e princesas para alegrar as crian\u00e7as internas. Na sequ\u00eancia sess\u00e3o de fotos com Samira Cardoso e conta\u00e7\u00e3o de hist\u00f3rias com K\u00e1tia Rabelo.<\/p>\n<p style=\"text-align: center;\"><strong>Livro <\/strong><\/p>\n<p style=\"text-align: center;\">A Companhia das Letras publica em dezembro \u201cO caderno do ano do Nobel\u201d, sexto e \u00faltimo da s\u00e9rie de di\u00e1rios de Jos\u00e9 Saramago. Desta vez com anota\u00e7\u00f5es no ano em que ele ganhou o Nobel em 1998, e o impacto do pr\u00eamio em sua vida transformando-o da noite para o dia em uma celebridade global.<\/p>\n<p style=\"text-align: center;\"><strong>Moda-Show<\/strong><\/p>\n<p style=\"text-align: center;\">O ver\u00e3o vira quente. Inspire-se na mistura de cores alegres e garanta um visual otimista. A combina\u00e7\u00e3o do rosa com o laranja come\u00e7a na roupa e se estende para os acess\u00f3rios, que associam sofistica\u00e7\u00e3o e praticidade.<\/p>\n<p style=\"text-align: center;\"><strong>Dica <\/strong><\/p>\n<p style=\"text-align: center;\">At\u00e9 dia 21 tem a Feira Aldeia Hit, no Ita\u00fana Shopping, na Barra (Rio). Filha de Zeca Pagodinho, Elisa Piquet arrasa na 2\u00ba edi\u00e7\u00e3o do evento e avisa que a ideia \u00e9 crescer, mas sem perder a ess\u00eancia.<\/p>\n<p style=\"text-align: center;\"><strong>Charme de Sobra <\/strong><\/p>\n<p style=\"text-align: center;\">Em \u00e9poca de temperatura quente, a Associa\u00e7\u00e3o Roteiros de Charme envia sugest\u00e3o para este colunista, reunindo fazendas hist\u00f3ricas, ref\u00fagios e ecol\u00f3gicos refinados. No roteiro tamb\u00e9m pequenas pousadas \u00e0 beira-mar. O bom gosto e a eleg\u00e2ncia s\u00e3o pontos em comum na Pousada do Sandi (Paraty); Hotel Rosa dos Ventos (Teres\u00f3polis) e a Pousada Pedra da Laguna (B\u00fazios). O luxo!<\/p>\n<p style=\"text-align: center;\"><strong>Empoderamento<\/strong><\/p>\n<p style=\"text-align: center;\">Em tempo de empoderamento da mulher, pela primeira vez em 85 anos, o Clube de Engenharia de Juiz de Fora vai homenagear o naipe feminino com Engenheira do Ano. A elegante Karla Kiffer Moraes, formada pela UFJF e na diretoria da Logus Arcadis no Rio, fez jus por merecer. A deslumbrante festa do dia 7 de dezembro ser\u00e1 no Olympo, com homenagens a outros profissionais.<\/p>\n<div id=\"attachment_123195\" style=\"width: 690px\" class=\"wp-caption aligncenter\"><img loading=\"lazy\" decoding=\"async\" aria-describedby=\"caption-attachment-123195\" class=\"wp-image-123195\" src=\"https:\/\/diarioregionaldigital.com.br\/wp-content\/uploads\/2018\/10\/fotoa-16.jpg\" alt=\"\" width=\"680\" height=\"810\" srcset=\"https:\/\/diarioregionaldigital.com.br\/wp-content\/uploads\/2018\/10\/fotoa-16.jpg 1176w, https:\/\/diarioregionaldigital.com.br\/wp-content\/uploads\/2018\/10\/fotoa-16-252x300.jpg 252w, https:\/\/diarioregionaldigital.com.br\/wp-content\/uploads\/2018\/10\/fotoa-16-768x915.jpg 768w, https:\/\/diarioregionaldigital.com.br\/wp-content\/uploads\/2018\/10\/fotoa-16-860x1024.jpg 860w, https:\/\/diarioregionaldigital.com.br\/wp-content\/uploads\/2018\/10\/fotoa-16-360x429.jpg 360w\" sizes=\"auto, (max-width: 680px) 100vw, 680px\" \/><p id=\"caption-attachment-123195\" class=\"wp-caption-text\">Produzidas por Diley Almeida e fotografadas por Johnny Pio, tr\u00eas lindas ex-Miss Teen JF, Fl\u00e1via Schimidt (2015), Milena Schr\u00f6der (2016) e Isabela Menta (2017)<\/p><\/div>\n<div id=\"attachment_123196\" style=\"width: 690px\" class=\"wp-caption aligncenter\"><img loading=\"lazy\" decoding=\"async\" aria-describedby=\"caption-attachment-123196\" class=\"wp-image-123196\" src=\"https:\/\/diarioregionaldigital.com.br\/wp-content\/uploads\/2018\/10\/fotoaa-7.jpg\" alt=\"\" width=\"680\" height=\"453\" srcset=\"https:\/\/diarioregionaldigital.com.br\/wp-content\/uploads\/2018\/10\/fotoaa-7.jpg 960w, https:\/\/diarioregionaldigital.com.br\/wp-content\/uploads\/2018\/10\/fotoaa-7-300x200.jpg 300w, https:\/\/diarioregionaldigital.com.br\/wp-content\/uploads\/2018\/10\/fotoaa-7-768x512.jpg 768w, https:\/\/diarioregionaldigital.com.br\/wp-content\/uploads\/2018\/10\/fotoaa-7-360x240.jpg 360w\" sizes=\"auto, (max-width: 680px) 100vw, 680px\" \/><p id=\"caption-attachment-123196\" class=\"wp-caption-text\">O charme da pequena Maria Ant\u00f4nia Spencer de apenas 8 meses com acess\u00f3rios By Candy para revista Tudo Lindo<\/p><\/div>\n<div id=\"attachment_123197\" style=\"width: 690px\" class=\"wp-caption aligncenter\"><img loading=\"lazy\" decoding=\"async\" aria-describedby=\"caption-attachment-123197\" class=\"wp-image-123197\" src=\"https:\/\/diarioregionaldigital.com.br\/wp-content\/uploads\/2018\/10\/fotob-12-e1539934859844.jpg\" alt=\"\" width=\"680\" height=\"503\" srcset=\"https:\/\/diarioregionaldigital.com.br\/wp-content\/uploads\/2018\/10\/fotob-12-e1539934859844.jpg 924w, https:\/\/diarioregionaldigital.com.br\/wp-content\/uploads\/2018\/10\/fotob-12-e1539934859844-300x222.jpg 300w, https:\/\/diarioregionaldigital.com.br\/wp-content\/uploads\/2018\/10\/fotob-12-e1539934859844-768x569.jpg 768w, https:\/\/diarioregionaldigital.com.br\/wp-content\/uploads\/2018\/10\/fotob-12-e1539934859844-360x266.jpg 360w\" sizes=\"auto, (max-width: 680px) 100vw, 680px\" \/><p id=\"caption-attachment-123197\" class=\"wp-caption-text\">Tr\u00eas candidatos a presidente de Viracopos, Juber Pac\u00edfico, Raphael Fayer e Gabriel Rotmeister, no Barril<\/p><\/div>\n<div id=\"attachment_123198\" style=\"width: 690px\" class=\"wp-caption aligncenter\"><img loading=\"lazy\" decoding=\"async\" aria-describedby=\"caption-attachment-123198\" class=\"wp-image-123198\" src=\"https:\/\/diarioregionaldigital.com.br\/wp-content\/uploads\/2018\/10\/fotobb-5-e1539934900790.jpg\" alt=\"\" width=\"680\" height=\"538\" srcset=\"https:\/\/diarioregionaldigital.com.br\/wp-content\/uploads\/2018\/10\/fotobb-5-e1539934900790.jpg 480w, https:\/\/diarioregionaldigital.com.br\/wp-content\/uploads\/2018\/10\/fotobb-5-e1539934900790-300x238.jpg 300w, https:\/\/diarioregionaldigital.com.br\/wp-content\/uploads\/2018\/10\/fotobb-5-e1539934900790-360x285.jpg 360w\" sizes=\"auto, (max-width: 680px) 100vw, 680px\" \/><p id=\"caption-attachment-123198\" class=\"wp-caption-text\">Fazendo sucesso em Portugal, o \u2018chef\u2019 Dhiogo Almeida<\/p><\/div>\n<div id=\"attachment_123199\" style=\"width: 690px\" class=\"wp-caption aligncenter\"><img loading=\"lazy\" decoding=\"async\" aria-describedby=\"caption-attachment-123199\" class=\"wp-image-123199\" src=\"https:\/\/diarioregionaldigital.com.br\/wp-content\/uploads\/2018\/10\/fotoc-12-e1539934931756.jpg\" alt=\"\" width=\"680\" height=\"574\" srcset=\"https:\/\/diarioregionaldigital.com.br\/wp-content\/uploads\/2018\/10\/fotoc-12-e1539934931756.jpg 1182w, https:\/\/diarioregionaldigital.com.br\/wp-content\/uploads\/2018\/10\/fotoc-12-e1539934931756-300x253.jpg 300w, https:\/\/diarioregionaldigital.com.br\/wp-content\/uploads\/2018\/10\/fotoc-12-e1539934931756-768x648.jpg 768w, https:\/\/diarioregionaldigital.com.br\/wp-content\/uploads\/2018\/10\/fotoc-12-e1539934931756-1024x865.jpg 1024w, https:\/\/diarioregionaldigital.com.br\/wp-content\/uploads\/2018\/10\/fotoc-12-e1539934931756-360x304.jpg 360w\" sizes=\"auto, (max-width: 680px) 100vw, 680px\" \/><p id=\"caption-attachment-123199\" class=\"wp-caption-text\">Em ritmo de uni\u00e3o est\u00e1vel, os lindos Nat\u00e1lia e Guilherme Quatorze Voltas<\/p><\/div>\n<div id=\"attachment_123206\" style=\"width: 690px\" class=\"wp-caption aligncenter\"><img loading=\"lazy\" decoding=\"async\" aria-describedby=\"caption-attachment-123206\" class=\"wp-image-123206\" src=\"https:\/\/diarioregionaldigital.com.br\/wp-content\/uploads\/2018\/10\/fotoi-12-e1539935077559.jpg\" alt=\"\" width=\"680\" height=\"533\" srcset=\"https:\/\/diarioregionaldigital.com.br\/wp-content\/uploads\/2018\/10\/fotoi-12-e1539935077559.jpg 765w, https:\/\/diarioregionaldigital.com.br\/wp-content\/uploads\/2018\/10\/fotoi-12-e1539935077559-300x235.jpg 300w, https:\/\/diarioregionaldigital.com.br\/wp-content\/uploads\/2018\/10\/fotoi-12-e1539935077559-360x282.jpg 360w\" sizes=\"auto, (max-width: 680px) 100vw, 680px\" \/><p id=\"caption-attachment-123206\" class=\"wp-caption-text\">Em fam\u00edlia, os lindos Elisa Schr\u00f6der Alves, Gui Schr\u00f6der, Maria e Samuel<\/p><\/div>\n<div id=\"attachment_123200\" style=\"width: 690px\" class=\"wp-caption aligncenter\"><img loading=\"lazy\" decoding=\"async\" aria-describedby=\"caption-attachment-123200\" class=\"wp-image-123200\" src=\"https:\/\/diarioregionaldigital.com.br\/wp-content\/uploads\/2018\/10\/fotocc-3-e1539934958672.jpg\" alt=\"\" width=\"680\" height=\"497\" srcset=\"https:\/\/diarioregionaldigital.com.br\/wp-content\/uploads\/2018\/10\/fotocc-3-e1539934958672.jpg 712w, https:\/\/diarioregionaldigital.com.br\/wp-content\/uploads\/2018\/10\/fotocc-3-e1539934958672-300x219.jpg 300w, https:\/\/diarioregionaldigital.com.br\/wp-content\/uploads\/2018\/10\/fotocc-3-e1539934958672-360x263.jpg 360w\" sizes=\"auto, (max-width: 680px) 100vw, 680px\" \/><p id=\"caption-attachment-123200\" class=\"wp-caption-text\">Em Lima Duarte, o jovem Paulo S\u00e9rgio paparica o pequeno Samuel, em tarde alto astral<\/p><\/div>\n<div id=\"attachment_123201\" style=\"width: 690px\" class=\"wp-caption aligncenter\"><img loading=\"lazy\" decoding=\"async\" aria-describedby=\"caption-attachment-123201\" class=\"wp-image-123201\" src=\"https:\/\/diarioregionaldigital.com.br\/wp-content\/uploads\/2018\/10\/fotod-12-e1539934981275.jpg\" alt=\"\" width=\"680\" height=\"526\" srcset=\"https:\/\/diarioregionaldigital.com.br\/wp-content\/uploads\/2018\/10\/fotod-12-e1539934981275.jpg 712w, https:\/\/diarioregionaldigital.com.br\/wp-content\/uploads\/2018\/10\/fotod-12-e1539934981275-300x232.jpg 300w, https:\/\/diarioregionaldigital.com.br\/wp-content\/uploads\/2018\/10\/fotod-12-e1539934981275-360x279.jpg 360w\" sizes=\"auto, (max-width: 680px) 100vw, 680px\" \/><p id=\"caption-attachment-123201\" class=\"wp-caption-text\">Lindos os irm\u00e3os em B.H, Helena Santiago (aniversariando) e Pedro Henrique Santiago<\/p><\/div>\n<div id=\"attachment_123203\" style=\"width: 690px\" class=\"wp-caption aligncenter\"><img loading=\"lazy\" decoding=\"async\" aria-describedby=\"caption-attachment-123203\" class=\"wp-image-123203\" src=\"https:\/\/diarioregionaldigital.com.br\/wp-content\/uploads\/2018\/10\/fotof-12-e1539935009192.jpg\" alt=\"\" width=\"680\" height=\"496\" srcset=\"https:\/\/diarioregionaldigital.com.br\/wp-content\/uploads\/2018\/10\/fotof-12-e1539935009192.jpg 938w, https:\/\/diarioregionaldigital.com.br\/wp-content\/uploads\/2018\/10\/fotof-12-e1539935009192-300x219.jpg 300w, https:\/\/diarioregionaldigital.com.br\/wp-content\/uploads\/2018\/10\/fotof-12-e1539935009192-768x560.jpg 768w, https:\/\/diarioregionaldigital.com.br\/wp-content\/uploads\/2018\/10\/fotof-12-e1539935009192-360x263.jpg 360w\" sizes=\"auto, (max-width: 680px) 100vw, 680px\" \/><p id=\"caption-attachment-123203\" class=\"wp-caption-text\">No novo espa\u00e7o do Centro T\u00e9cnico da Itallian Hairtech da RP Minas Distribuidora, Renato Neves, Rosenberg Frizeiro e Adriana Patr\u00edcio Neves<\/p><\/div>\n<div id=\"attachment_123205\" style=\"width: 690px\" class=\"wp-caption aligncenter\"><img loading=\"lazy\" decoding=\"async\" aria-describedby=\"caption-attachment-123205\" class=\"wp-image-123205\" src=\"https:\/\/diarioregionaldigital.com.br\/wp-content\/uploads\/2018\/10\/fotoh-12-e1539935040325.jpg\" alt=\"\" width=\"680\" height=\"476\" srcset=\"https:\/\/diarioregionaldigital.com.br\/wp-content\/uploads\/2018\/10\/fotoh-12-e1539935040325.jpg 1556w, https:\/\/diarioregionaldigital.com.br\/wp-content\/uploads\/2018\/10\/fotoh-12-e1539935040325-300x210.jpg 300w, https:\/\/diarioregionaldigital.com.br\/wp-content\/uploads\/2018\/10\/fotoh-12-e1539935040325-768x538.jpg 768w, https:\/\/diarioregionaldigital.com.br\/wp-content\/uploads\/2018\/10\/fotoh-12-e1539935040325-1024x717.jpg 1024w, https:\/\/diarioregionaldigital.com.br\/wp-content\/uploads\/2018\/10\/fotoh-12-e1539935040325-360x252.jpg 360w, https:\/\/diarioregionaldigital.com.br\/wp-content\/uploads\/2018\/10\/fotoh-12-e1539935040325-100x70.jpg 100w\" sizes=\"auto, (max-width: 680px) 100vw, 680px\" \/><p id=\"caption-attachment-123205\" class=\"wp-caption-text\">Na Esta\u00e7\u00e3o S\u00e3o Pedro, os elegantes: Agenor Souza, Lurdinha Santos Souza, Marcia Giotti de Paula, Baby Mancini, Regina e Jackson Gouv\u00eaa<\/p><\/div>\n<p style=\"text-align: center;\"><strong>FOTOSS\u00cdNTESE<\/strong><\/p>\n<p>Agendando para esta 2\u00aa feira, 22, \u00e0s 19h30, a palestra \u201cO Homem de Bem\u201d, com Vitor Silvestre. Ser\u00e1 na Funda\u00e7\u00e3o Esp\u00edrita Aur\u00edlio Braga Esteves na rua Irm\u00e3o Menrado, 510, bairro Borboleta.<\/p>\n<p>Com muitos aplausos, o presidente da FIEMG, Fl\u00e1vio Roscoe, falou no almo\u00e7o Conex\u00e3o Empresarial, em Belo Horizonte.<\/p>\n<p>Din\u00e2micas e atuantes, as pediatras Fabiana Nogueira e M\u00e1rcia Mizrahy participam em Natal do 24\u00ba Congresso Brasileiro de Perinatologia, realizado no Serhs Grand Hotel.<\/p>\n<p>Com o tema \u201cRio de Janeiro\u201d, Lilian Santos festejou anivers\u00e1rio reunindo amigos e familiares.<\/p>\n<p>A Comiss\u00e3o de Humaniza\u00e7\u00e3o da Santa Casa apresentou a pe\u00e7a \u201cA revolta dos Brinquedos\u201d para cerca de 200 familiares e colaboradores do hospital em comemora\u00e7\u00e3o ao Dia das Crian\u00e7as.<\/p>\n<p>O psic\u00f3logo e psicanalista Antenor Salzer Rodrigues est\u00e1 nas nuvens. Com p\u00f3s-doutorado em sa\u00fade coletiva, acaba de publicar \u201cP\u00e2nico, Sintoma Ps\u00edquico, e Doen\u00e7a Psicossom\u00e1ticas \u201c. O livro de 315 p\u00e1ginas tem distribui\u00e7\u00e3o nacional pela Apris Editora, em Curitiba.<\/p>\n<p>Merecendo todos os elogios, o curso de An\u00e1lise e Desenvolvimento de Sistema da Faculdade Vianna J\u00fanior obteve nota m\u00e1xima (5) no Enade e ficou em segundo lugar entre os mais bem avaliados do pa\u00eds. Em Minas, ocupa a primeira posi\u00e7\u00e3o entre 21 cursos.<\/p>\n<p>Juntando dose de intelig\u00eancia guiada, George Guilherme Oliveira Pancini foi o grande vencedor do concurso liter\u00e1rio promovido pelo Curso Preparat\u00f3rio para concursos (CPC) da Secretaria de Desenvolvimento Social.<\/p>\n<p>Al\u00f4, Al\u00f4 mudan\u00e7a de ideia: Hor\u00e1rio de Ver\u00e3o come\u00e7a no dia 4 de novembro.<\/p>\n<p>Com falha nos Smartphones adiantando os rel\u00f3gios em uma hora, fez muita gente chegar cedo ao trabalho na 2\u00aa feira. A Tim pediu desculpas aos clientes.<\/p>\n<p>Com a Igreja da Gl\u00f3ria toda florida, o casal Nawal e Alberto Arbex celebraram 50 anos de casados com linda cerim\u00f4nia religiosa. A recep\u00e7\u00e3o foi no Marcellu\u2019s.<\/p>\n<p>Terminou ontem no Campus da UFJF, a s\u00e9tima edi\u00e7\u00e3o da Jornada Cient\u00edfica, coordenado por Eloi Teixeira Cesar, diretor do Centro de Ci\u00eancias.<\/p>\n<p>Amante do t\u00eanis, Felipe Augusto Miana venceu o Sul-Americano S\u00eanior, na Bol\u00edvia. Ele ficou com o ouro.<\/p>\n<p>Luciane Fontes lan\u00e7ou na Biblioteca Municipal, o livro \u201cLivros na estante\u201d.<\/p>\n<p>Dica: as tiaras, brincos e crucifixos finos para aluguel na loja By Candy, no Mister Shopping, 2\u00ba piso.<\/p>\n<p>Para dissolver: Se perdoe.N\u00e3o tinha como voc\u00ea pensar naquela \u00e9poca com a cabe\u00e7a que tem hoje. Bom dia!<\/p>\n","protected":false},"excerpt":{"rendered":"<p>Solidariedade No m\u00eas das crian\u00e7as, a equipe da Pediatria e UTI Neonatal do Hospital e Maternidade Therezinha de Jesus fez bonito. Em momento emocionante, apresentou uma atra\u00e7\u00e3o in\u00e9dita. Em parceria com a loja Mundo M\u00e1gico, enfermeiros, t\u00e9cnicos e m\u00e9dicos residentes se vestiram de her\u00f3is e princesas para alegrar as crian\u00e7as internas. Na sequ\u00eancia sess\u00e3o de [&hellip;]<\/p>\n","protected":false},"author":96,"featured_media":123208,"comment_status":"closed","ping_status":"closed","sticky":false,"template":"","format":"standard","meta":{"footnotes":""},"categories":[264],"tags":[],"class_list":["post-123209","post","type-post","status-publish","format-standard","has-post-thumbnail","hentry","category-eduardo-gomes"],"_links":{"self":[{"href":"https:\/\/diarioregionaldigital.com.br\/index.php?rest_route=\/wp\/v2\/posts\/123209","targetHints":{"allow":["GET"]}}],"collection":[{"href":"https:\/\/diarioregionaldigital.com.br\/index.php?rest_route=\/wp\/v2\/posts"}],"about":[{"href":"https:\/\/diarioregionaldigital.com.br\/index.php?rest_route=\/wp\/v2\/types\/post"}],"author":[{"embeddable":true,"href":"https:\/\/diarioregionaldigital.com.br\/index.php?rest_route=\/wp\/v2\/users\/96"}],"replies":[{"embeddable":true,"href":"https:\/\/diarioregionaldigital.com.br\/index.php?rest_route=%2Fwp%2Fv2%2Fcomments&post=123209"}],"version-history":[{"count":0,"href":"https:\/\/diarioregionaldigital.com.br\/index.php?rest_route=\/wp\/v2\/posts\/123209\/revisions"}],"wp:featuredmedia":[{"embeddable":true,"href":"https:\/\/diarioregionaldigital.com.br\/index.php?rest_route=\/wp\/v2\/media\/123208"}],"wp:attachment":[{"href":"https:\/\/diarioregionaldigital.com.br\/index.php?rest_route=%2Fwp%2Fv2%2Fmedia&parent=123209"}],"wp:term":[{"taxonomy":"category","embeddable":true,"href":"https:\/\/diarioregionaldigital.com.br\/index.php?rest_route=%2Fwp%2Fv2%2Fcategories&post=123209"},{"taxonomy":"post_tag","embeddable":true,"href":"https:\/\/diarioregionaldigital.com.br\/index.php?rest_route=%2Fwp%2Fv2%2Ftags&post=123209"}],"curies":[{"name":"wp","href":"https:\/\/api.w.org\/{rel}","templated":true}]}}