{"id":123191,"date":"2018-10-19T06:00:06","date_gmt":"2018-10-19T09:00:06","guid":{"rendered":"https:\/\/diarioregionaldigital.com.br\/?p=123191"},"modified":"2018-10-18T22:29:03","modified_gmt":"2018-10-19T01:29:03","slug":"prefeitura-municipal-de-tocantins-19-10-18","status":"publish","type":"post","link":"https:\/\/diarioregionaldigital.com.br\/?p=123191","title":{"rendered":"Prefeitura Municipal de Tocantins &#8211; 19\/10\/18"},"content":{"rendered":"<p style=\"text-align: center;\"><strong>EXTRATO PARA PUBLICA\u00c7\u00c3O\u00a0<\/strong><strong>DECIS\u00c3O<\/strong><\/p>\n<p>O Prefeito Municipal, no uso de suas atribui\u00e7\u00f5es legais, com fundamento no parecer jur\u00eddico exarado pela r. Procuradoria, resolve cancelar os seguintes processos licitat\u00f3rios:<br \/>\nProcesso 090\/2018 \u2013 Preg\u00e3o 066\/2018 \u2013 Objeto: Presta\u00e7\u00e3o de servi\u00e7os de internet para a Secretaria de Sa\u00fade;<br \/>\nProcesso 082\/2018 \u2013 Preg\u00e3o 061\/2018 \u2013 Objeto: Aquisi\u00e7\u00e3o de carne bovina;<br \/>\nProcesso 088\/2018 \u2013 Tomada de Pre\u00e7os 006\/2018 \u2013 Objeto: Cal\u00e7amento da Rua Orozimbo Dutra;<br \/>\nProcesso 089\/2018 \u2013 Tomada de Pre\u00e7os 007\/2018 \u2013 Objeto: Recapeamento asf\u00e1ltivo;<br \/>\nProcesso 085\/2018 \u2013 Preg\u00e3o 064\/2018 \u2013 Objeto: Aquisi\u00e7\u00e3o de equipamentos, material permanente para a Secretaria de Sa\u00fade;<br \/>\nProcesso 086\/2018 \u2013 Preg\u00e3o 065\/2018 \u2013 Objeto: Aquisi\u00e7\u00e3o de bloquete;<br \/>\nProcesso 081\/2018 \u2013 Preg\u00e3o 060\/2018 \u2013 Objeto: Aquisi\u00e7\u00e3o de pneus.<br \/>\nTocantins\/MG, 17 de outubro de 2018.\u00a0IEDER WASHINGTON DE OLIVEIRA &#8211; Prefeito Municipal<\/p>\n<p style=\"text-align: center;\"><strong>Setor de Licita\u00e7\u00f5es<\/strong><\/p>\n<p style=\"text-align: center;\"><strong>Prefeitura Municipal de Tocantins<\/strong><\/p>\n","protected":false},"excerpt":{"rendered":"<p>EXTRATO PARA PUBLICA\u00c7\u00c3O\u00a0DECIS\u00c3O O Prefeito Municipal, no uso de suas atribui\u00e7\u00f5es legais, com fundamento no parecer jur\u00eddico exarado pela r. Procuradoria, resolve cancelar os seguintes processos licitat\u00f3rios: Processo 090\/2018 \u2013 Preg\u00e3o 066\/2018 \u2013 Objeto: Presta\u00e7\u00e3o de servi\u00e7os de internet para a Secretaria de Sa\u00fade; Processo 082\/2018 \u2013 Preg\u00e3o 061\/2018 \u2013 Objeto: Aquisi\u00e7\u00e3o de carne bovina; [&hellip;]<\/p>\n","protected":false},"author":96,"featured_media":0,"comment_status":"closed","ping_status":"closed","sticky":false,"template":"","format":"standard","meta":{"footnotes":""},"categories":[307],"tags":[],"class_list":["post-123191","post","type-post","status-publish","format-standard","hentry","category-editais"],"_links":{"self":[{"href":"https:\/\/diarioregionaldigital.com.br\/index.php?rest_route=\/wp\/v2\/posts\/123191","targetHints":{"allow":["GET"]}}],"collection":[{"href":"https:\/\/diarioregionaldigital.com.br\/index.php?rest_route=\/wp\/v2\/posts"}],"about":[{"href":"https:\/\/diarioregionaldigital.com.br\/index.php?rest_route=\/wp\/v2\/types\/post"}],"author":[{"embeddable":true,"href":"https:\/\/diarioregionaldigital.com.br\/index.php?rest_route=\/wp\/v2\/users\/96"}],"replies":[{"embeddable":true,"href":"https:\/\/diarioregionaldigital.com.br\/index.php?rest_route=%2Fwp%2Fv2%2Fcomments&post=123191"}],"version-history":[{"count":0,"href":"https:\/\/diarioregionaldigital.com.br\/index.php?rest_route=\/wp\/v2\/posts\/123191\/revisions"}],"wp:attachment":[{"href":"https:\/\/diarioregionaldigital.com.br\/index.php?rest_route=%2Fwp%2Fv2%2Fmedia&parent=123191"}],"wp:term":[{"taxonomy":"category","embeddable":true,"href":"https:\/\/diarioregionaldigital.com.br\/index.php?rest_route=%2Fwp%2Fv2%2Fcategories&post=123191"},{"taxonomy":"post_tag","embeddable":true,"href":"https:\/\/diarioregionaldigital.com.br\/index.php?rest_route=%2Fwp%2Fv2%2Ftags&post=123191"}],"curies":[{"name":"wp","href":"https:\/\/api.w.org\/{rel}","templated":true}]}}