{"id":123152,"date":"2018-10-21T06:00:59","date_gmt":"2018-10-21T08:00:59","guid":{"rendered":"https:\/\/diarioregionaldigital.com.br\/?p=123152"},"modified":"2018-10-18T21:53:04","modified_gmt":"2018-10-19T00:53:04","slug":"roteiro-de-natureza-conheca-a-ilha-comprida-em-sao-paulo","status":"publish","type":"post","link":"https:\/\/diarioregionaldigital.com.br\/?p=123152","title":{"rendered":"Roteiro de natureza: Conhe\u00e7a a Ilha Comprida em S\u00e3o Paulo"},"content":{"rendered":"<p><span style=\"font-weight: 400;\">Essa semana um destino diferente e ainda \u00a0pouco divulgado, mas que vale muito a pena conhecer, principalmente para quem gosta de natureza.<\/span><\/p>\n<p><span style=\"font-weight: 400;\">Ilha Comprida em S\u00e3o Paulo, originalmente chamada Ilha de Maratayama pelos nativos Tupis, que significa \u201clugar onde a terra encontra o mar\u201d ou \u201cterra do mar\u201d. Este ponto de encontro entre terra e mar deu ao local, no litoral sul de S\u00e3o Paulo, uma paisagem impressionante ao longo de seus 70 km de longitude por 5 km de latitude, ode \u00e9 poss\u00edvel encontrar at\u00e9 sete diferentes biomas que v\u00e3o do mangue \u00e0 restinga. \u00c9 a segunda maior ilha do Brasil.<\/span><\/p>\n<p><span style=\"font-weight: 400;\">Apesar de at\u00edpica, as praias de Ilha Comprida atende a todos os gostos. H\u00e1 praias desertas e distantes dos centros comerciais; mas h\u00e1 tamb\u00e9m as praias badaladas pr\u00f3ximas ao Boqueir\u00e3o Norte.<\/span><\/p>\n<p><span style=\"font-weight: 400;\">Se a oeste o mar aberto agrega os adeptos do surf, a leste corre um rio de \u00e1guas calmas que atrai os pescadores. H\u00e1 ainda lagos e terra decorada por orqu\u00eddeas, jeriv\u00e1s, ara\u00e7\u00e1s, brom\u00e9lias, samambaias, pitangueiras, entre outros, habitada por mam\u00edferos, crust\u00e1ceos, peixes, r\u00e9pteis e aves, centenas de esp\u00e9cies de aves nativas ou migrat\u00f3rias que encontram na Ilha Comprida um lugar ideal para o descanso, alimenta\u00e7\u00e3o e procria\u00e7\u00e3o.<\/span><\/p>\n<div id=\"attachment_123153\" style=\"width: 1210px\" class=\"wp-caption alignnone\"><img loading=\"lazy\" decoding=\"async\" aria-describedby=\"caption-attachment-123153\" class=\"wp-image-123153 size-full\" src=\"https:\/\/diarioregionaldigital.com.br\/wp-content\/uploads\/2018\/10\/foto-02-3.jpg\" alt=\"\" width=\"1200\" height=\"800\" srcset=\"https:\/\/diarioregionaldigital.com.br\/wp-content\/uploads\/2018\/10\/foto-02-3.jpg 1200w, https:\/\/diarioregionaldigital.com.br\/wp-content\/uploads\/2018\/10\/foto-02-3-300x200.jpg 300w, https:\/\/diarioregionaldigital.com.br\/wp-content\/uploads\/2018\/10\/foto-02-3-768x512.jpg 768w, https:\/\/diarioregionaldigital.com.br\/wp-content\/uploads\/2018\/10\/foto-02-3-1024x683.jpg 1024w, https:\/\/diarioregionaldigital.com.br\/wp-content\/uploads\/2018\/10\/foto-02-3-360x240.jpg 360w\" sizes=\"auto, (max-width: 1200px) 100vw, 1200px\" \/><p id=\"caption-attachment-123153\" class=\"wp-caption-text\">Um passeio incr\u00edvel \u00e9 o que passa pela paisagem impressionante, conectando os estados do Paran\u00e1 e S\u00e3o Paulo. Foto: Divulga\u00e7\u00e3o<\/p><\/div>\n<p><span style=\"font-weight: 400;\">Este \u00e9 o lugar onde o Criador decidiu dedicar um tempo especial e com certeza encanta a quem admira a natureza, quer se desconectar, tem esp\u00edrito explorador, ou simplesmente busca recarregar as energias em um dos cen\u00e1rios mais belos do Brasil.<\/span><\/p>\n<p><span style=\"font-weight: 400;\">A natureza \u00e9 t\u00e3o levada em conta na regi\u00e3o, que muitas a\u00e7\u00f5es v\u00eam transformando Ilha comprida numa Cidade Modelo do turismo Sustent\u00e1vel.<\/span><\/p>\n<p><span style=\"font-weight: 400;\">Um passeio por uma paisagem impressionante, com roteiros desde Paranagu\u00e1 at\u00e9 Registro, conectando os estados do Paran\u00e1 e S\u00e3o Paulo, cruzando a Ilha Comprida de ponta a ponta. O percurso pelo Mar Pequeno apresenta o ex\u00f3tico cen\u00e1rio dos mangues e seus habitantes em plena atividade. Martins pescadores, gaivotas, guar\u00e1s, entre outros, poder\u00e3o ser observados com aux\u00edlio de monitores, revalando em detalhes a vida dessas esp\u00e9cies.<\/span><\/p>\n<p><span style=\"font-weight: 400;\">Uma pequena estrada com muita variedade, repleta de vida, composta de quatro diferentes habitats: Flores Alta de Restinga, floresta Baixa de Restinga, Brejos e \u00c1rea Urbana. A observa\u00e7\u00e3o de aves ou Birdwatching \u00e9 uma das principais atividades deste passeio, que \u00e9 monitorado por guias e com suporte de bin\u00f3culos. Al\u00e9m disso, \u00a0\u00e9 poss\u00edvel encontrar pegadas de alguns mam\u00edferos e diversos exemplares da flora. Outro atrativo s\u00e3o as belezas c\u00eanicas que v\u00e3o se transformando \u00e0 medida em que se avan\u00e7a no percurso.<\/span><\/p>\n<p><span style=\"font-weight: 400;\">Justificando o pr\u00f3prio nome a Ilha Comprida tem 70 kil\u00f4metros de praia, com \u00e1gua apropriada para banhistas durante o ano todo, e forma\u00e7\u00f5es de dunas com floresta de restinga baixa, brom\u00e9lias e ara\u00e7\u00e1s, sem iguais nas regi\u00f5es Sul e Sudeste do pa\u00eds. Cortada por barras de \u00e1gua doce, oferece uma rica fonte de alimenta\u00e7\u00e3o aos p\u00e1ssaros, transformando-a em um imenso santu\u00e1rio. Voc\u00ea far\u00e1 o percurso em ve\u00edculos especiais, monitorado por guias e equipados com bin\u00f3culos. Vale a pena acompanhar o nascer do sol e da lua, espelhados pelo mar, um atrativo a parte.<\/span><\/p>\n<div id=\"attachment_123155\" style=\"width: 672px\" class=\"wp-caption aligncenter\"><img loading=\"lazy\" decoding=\"async\" aria-describedby=\"caption-attachment-123155\" class=\"wp-image-123155 size-full\" src=\"https:\/\/diarioregionaldigital.com.br\/wp-content\/uploads\/2018\/10\/foto03.jpg\" alt=\"\" width=\"662\" height=\"393\" srcset=\"https:\/\/diarioregionaldigital.com.br\/wp-content\/uploads\/2018\/10\/foto03.jpg 662w, https:\/\/diarioregionaldigital.com.br\/wp-content\/uploads\/2018\/10\/foto03-300x178.jpg 300w, https:\/\/diarioregionaldigital.com.br\/wp-content\/uploads\/2018\/10\/foto03-360x214.jpg 360w\" sizes=\"auto, (max-width: 662px) 100vw, 662px\" \/><p id=\"caption-attachment-123155\" class=\"wp-caption-text\">Rios, dunas, trilhas, florestas, praia com ondas, morros, encostas e ventos constantes, s\u00e3o favor\u00e1veis \u00e0queles que gostam de aventura e de praticar esportes radicais. Foto: Divulga\u00e7\u00e3o<\/p><\/div>\n<p><span style=\"font-weight: 400;\">Um verdadeiro mergulho no ex\u00f3tico, multicolorido e mutante universo dos mangues. Em pequenas embarca\u00e7\u00f5es, monitorados por guias e equipados com bin\u00f3culos profissionais, o visitante vai ficar frente a frente com diversos tipos de criaturas entre crust\u00e1ceos, aves em busca de alimento, botos e at\u00e9 mesmo lontras e outros roedores cujas apari\u00e7\u00f5es s\u00e3o mais raras. Caracterizado por uma vegeta\u00e7\u00e3o complexa e distinta, o mangue ocupa os dois lados do Mar Pequeno, Ilha Comprida e continente, tendo como \u00a0pano de fundo uma forma\u00e7\u00f5es de morros coberto por mata atl\u00e2ntica.<\/span><\/p>\n<p><span style=\"font-weight: 400;\">Um grande atrativo em Ilha Comprida s\u00e3o suas dunas que chegam at\u00e9 10 metros de altura com uma bela vista para o mar e algumas terminam nas lagoas; todo esse cen\u00e1rio somado as belas aves que embelezam o local, \u00e9 realmente fant\u00e1stico. As dunas ficam localizadas ao longo da orla nas proximidades do Mar Pequeno e d\u00e3o passeios obrigat\u00f3rios. As Dunas do Ara\u00e7\u00e1 ficam ao lado esquerdo, h\u00e1 7,5 km do boqueir\u00e3o.<\/span><\/p>\n<p><span style=\"font-weight: 400;\">Para o turista que quer tranquilidade, seu lugar \u00e9 ao sul, ponto de desembarque das balsas que chegam de Canan\u00e9ia, ficam as praias mais desertas como a Boqueir\u00e3o do Sul e as vilas dos pescadores. Mas se \u00e9 agita\u00e7\u00e3o, o lugar \u00e9 ao norte, pr\u00f3ximo ao Boqueir\u00e3o do Norte e nas proximidades. L\u00e1 desemboca a ponte que liga a Ilha Comprida ao continente em Iguape.<\/span><\/p>\n<p><span style=\"font-weight: 400;\">Pode-se dizer que o bairro Juruva\u00fava congelou no tempo e preserva caracter\u00edsticas de uma \u00e9poca em que a infra-estrutura n\u00e3o havia chegado a Ilha Comprida, um dos fatores respons\u00e1veis foi a falta de acesso. Ao lado da maior barra de \u00e1gua doce da Ilha Comprida, a Trilha das Dunas era o \u00fanico caminho que levava o povoado de Juruva\u00fava \u00e0 praia. Al\u00e9m de um \u00f3timo exerc\u00edcio f\u00edsico, o trajeto \u00e9 marcado pela biodiversidade, principalmente em sua flora. A caminhada de cerca de 3 horas \u00e9 monitorada por guias equipados com bin\u00f3culos profissionais, e culmina num relaxante banho de mar.<\/span><\/p>\n<p><span style=\"font-weight: 400;\">Rios, dunas, trilhas, florestas, praia com ondas, morros, encostas e ventos constantes, s\u00e3o favor\u00e1veis \u00e0queles que gostam de aventura e de praticar esportes radicais. Atividades como Mountain Bike, Canoagem, \u00a0Wind Surf, KyteSurf, Jet Ski, Esqui Aqu\u00e1tico, Standup, trilhas, tirolesas e percursos guiados com utiliza\u00e7\u00e3o de quadriciclos, est\u00e3o sendo praticadas na Ilha Comprida. N\u00e3o basta praticar sua atividade favorita, na Ilha Comprida os aventureiros v\u00e3o curtir um cen\u00e1rio deslumbrante, de intera\u00e7\u00e3o total com a natureza e ar 100% puro.<\/span><\/p>\n<p><span style=\"font-weight: 400;\">A Pesca \u00e9 uma das atividades mais praticadas na Ilha Comprida, \u00e9 parte da cultura da regi\u00e3o, pois no passado era a principal fonte de alimento dos nativos. A biodiversidade, a mistura das \u00e1guas doce e salgada no Mar Pequeno, bem como a grande quantidade de crust\u00e1ceos, faz da regi\u00e3o um dos maiores viveiros naturais de peixes do pa\u00eds. Al\u00e9m do Mar Pequeno, a pesca tamb\u00e9m \u00e9 praticada na praia. Robalos, tainhas, pescados, corvinas, badejos, peixes espadas, bagres, baiacus, s\u00e3o algumas das esp\u00e9cies de peixes da regi\u00e3o. Para quem gosta de frutos do mar, \u00a0caranguejos, siris, camar\u00f5es e ostras s\u00e3o servidos em restaurantes de toda a regi\u00e3o.<\/span><\/p>\n<div id=\"attachment_123154\" style=\"width: 876px\" class=\"wp-caption alignnone\"><img loading=\"lazy\" decoding=\"async\" aria-describedby=\"caption-attachment-123154\" class=\"wp-image-123154 size-full\" src=\"https:\/\/diarioregionaldigital.com.br\/wp-content\/uploads\/2018\/10\/foto-04-3.jpg\" alt=\"\" width=\"866\" height=\"650\" srcset=\"https:\/\/diarioregionaldigital.com.br\/wp-content\/uploads\/2018\/10\/foto-04-3.jpg 866w, https:\/\/diarioregionaldigital.com.br\/wp-content\/uploads\/2018\/10\/foto-04-3-300x225.jpg 300w, https:\/\/diarioregionaldigital.com.br\/wp-content\/uploads\/2018\/10\/foto-04-3-768x576.jpg 768w, https:\/\/diarioregionaldigital.com.br\/wp-content\/uploads\/2018\/10\/foto-04-3-360x270.jpg 360w\" sizes=\"auto, (max-width: 866px) 100vw, 866px\" \/><p id=\"caption-attachment-123154\" class=\"wp-caption-text\">O p\u00f4r do sol na regi\u00e3o \u00e9 um dos mais belos a ser explorado neste bel\u00edssimo passeio. Foto: Divulga\u00e7\u00e3o<\/p><\/div>\n<p><span style=\"font-weight: 400;\">As vilas do Mar Pequeno oferecem petiscos com frutos do mar, aluguel de barcos para pesca ou passeio e servi\u00e7os de piloteiros. Muitas casas da vila h\u00e1 ainda fog\u00f5es a lenha, casas de pau-a-pique e pescadores tecendo suas redes.<\/span><\/p>\n<p><span style=\"font-weight: 400;\">Se quiser conhecer mais a fundo a ilha, fa\u00e7a os passeios de barcos e de escunas, mas se o visitante for mais ousado poder\u00e1 fazer passeios off Road com motois, quadriciclos ou jeeps.<\/span><\/p>\n<p><span style=\"font-weight: 400;\">Na pra\u00e7a do Boqueir\u00e3o no Norte h\u00e1 uma feirinha de artesanato. Visitar o antigo porto da balsa e apreciar o artesanato local tamb\u00e9m \u00e9 um excelente lugar para s comprinhas de presentes.<\/span><\/p>\n<p><span style=\"font-weight: 400;\">Um dos grandes investimentos do munic\u00edpio est\u00e1 no aspecto cultural. Uma s\u00e9rie de eventos \u00e9 realizada a fim de resgatar os costumes cai\u00e7aras e tamb\u00e9m integrar a popula\u00e7\u00e3o com novas formas culturais, o que promove a intera\u00e7\u00e3o dos moradores com os turistas, al\u00e9m de oferecer mais op\u00e7\u00f5es aos visitantes. Festivais gastron\u00f4micos, mostras, exposi\u00e7\u00f5es, festivais de musica, shows locais, nacionais e internacionais, comuns durante todo o ano, se intensificam na alta temporada com projeto \u201cIlha Ver\u00e3o\u201d.<\/span><\/p>\n<p><span style=\"font-weight: 400;\">A ilha Comprida est\u00e1 abrindo suas portas ao turismo, criando acesso aos seus encantos, e todos est\u00e3o convidados a curtir suas paisagens, conhecer a verdadeira ess\u00eancia da natureza e interagir com os costumes do local. Sejam todos bem vindos a esta inesquec\u00edvel jornada.<\/span><\/p>\n","protected":false},"excerpt":{"rendered":"<p>Essa semana um destino diferente e ainda \u00a0pouco divulgado, mas que vale muito a pena conhecer, principalmente para quem gosta de natureza. Ilha Comprida em S\u00e3o Paulo, originalmente chamada Ilha de Maratayama pelos nativos Tupis, que significa \u201clugar onde a terra encontra o mar\u201d ou \u201cterra do mar\u201d. Este ponto de encontro entre terra e [&hellip;]<\/p>\n","protected":false},"author":96,"featured_media":123156,"comment_status":"closed","ping_status":"closed","sticky":false,"template":"","format":"standard","meta":{"footnotes":""},"categories":[284],"tags":[],"class_list":["post-123152","post","type-post","status-publish","format-standard","has-post-thumbnail","hentry","category-turismo-rosa-oliveira"],"_links":{"self":[{"href":"https:\/\/diarioregionaldigital.com.br\/index.php?rest_route=\/wp\/v2\/posts\/123152","targetHints":{"allow":["GET"]}}],"collection":[{"href":"https:\/\/diarioregionaldigital.com.br\/index.php?rest_route=\/wp\/v2\/posts"}],"about":[{"href":"https:\/\/diarioregionaldigital.com.br\/index.php?rest_route=\/wp\/v2\/types\/post"}],"author":[{"embeddable":true,"href":"https:\/\/diarioregionaldigital.com.br\/index.php?rest_route=\/wp\/v2\/users\/96"}],"replies":[{"embeddable":true,"href":"https:\/\/diarioregionaldigital.com.br\/index.php?rest_route=%2Fwp%2Fv2%2Fcomments&post=123152"}],"version-history":[{"count":0,"href":"https:\/\/diarioregionaldigital.com.br\/index.php?rest_route=\/wp\/v2\/posts\/123152\/revisions"}],"wp:featuredmedia":[{"embeddable":true,"href":"https:\/\/diarioregionaldigital.com.br\/index.php?rest_route=\/wp\/v2\/media\/123156"}],"wp:attachment":[{"href":"https:\/\/diarioregionaldigital.com.br\/index.php?rest_route=%2Fwp%2Fv2%2Fmedia&parent=123152"}],"wp:term":[{"taxonomy":"category","embeddable":true,"href":"https:\/\/diarioregionaldigital.com.br\/index.php?rest_route=%2Fwp%2Fv2%2Fcategories&post=123152"},{"taxonomy":"post_tag","embeddable":true,"href":"https:\/\/diarioregionaldigital.com.br\/index.php?rest_route=%2Fwp%2Fv2%2Ftags&post=123152"}],"curies":[{"name":"wp","href":"https:\/\/api.w.org\/{rel}","templated":true}]}}