{"id":123145,"date":"2018-10-18T19:52:34","date_gmt":"2018-10-18T22:52:34","guid":{"rendered":"https:\/\/diarioregionaldigital.com.br\/?p=123145"},"modified":"2018-10-18T19:52:34","modified_gmt":"2018-10-18T22:52:34","slug":"abrir-o-proprio-negocio-ou-adquirir-uma-franquia","status":"publish","type":"post","link":"https:\/\/diarioregionaldigital.com.br\/?p=123145","title":{"rendered":"Abrir o pr\u00f3prio neg\u00f3cio ou adquirir uma franquia?"},"content":{"rendered":"<p>Ol\u00e1 empreendedores e empreendedoras! Hoje faremos uma compara\u00e7\u00e3o entre franquia e neg\u00f3cio pr\u00f3prio.<\/p>\n<p>O Brasil \u00e9 o 4\u00ba maior pa\u00eds em n\u00famero de franqueadores do mundo, e por aqui este mercado cresceu em m\u00e9dia 8% ao ano nos \u00faltimos 5 anos. Neste mesmo per\u00edodo, a m\u00e9dia do PIB Nacional foi de 0,58 %. Ou seja, o franchising teve um desempenho m\u00e9dio 14 vezes melhor em rela\u00e7\u00e3o ao PIB!<\/p>\n<p>Outro fato importante \u00e9 a mortalidade de micro e pequenas empresas, que chega a 30% no primeiro ano contra 2% das franquias. Essa m\u00e9dia sobe para 56% das empresas e 15% nas franquias que fecham as portas ap\u00f3s 5 anos.<\/p>\n<p>A grande desvantagem para quem opta por uma franquia s\u00e3o as obriga\u00e7\u00f5es, normas e padr\u00f5es a seguir, coisas que nem todo mundo aceita, al\u00e9m dos pagamentos relativos ao uso da marca.<\/p>\n<p>Como o setor de franchising alcan\u00e7a n\u00fameros t\u00e3o positivos?<\/p>\n<p>Uma franquia bem formatada, de um modelo j\u00e1 testado e aprovado, que possua bons processos, controles r\u00edgidos de estoque, vendas, compras e processos padronizados, est\u00e1 na dire\u00e7\u00e3o do sucesso. Uma empresa pode ter tudo isso, a quest\u00e3o \u00e9 que 99% das empresas simplesmente abrem as portas e pagam contas sem se preocupar com a administra\u00e7\u00e3o.<\/p>\n<p>Ao optar por adquirir uma franquia, h\u00e1 um grande conhecimento adquirido do neg\u00f3cio e do mercado, evitando assim os erros mais comuns cometidos por quem abre uma empresa com as pr\u00f3prias for\u00e7as.<\/p>\n<p>No entanto, ao abrir uma empresa com sua cultura e \u201cmodus operandi\u201d, o controle sobre os processos e a opera\u00e7\u00e3o fica toda sob as vistas do propriet\u00e1rio.<\/p>\n<p>De toda forma, o planejamento estrat\u00e9gico, o plano e modelo de neg\u00f3cios assim como conhecer o mercado e ter habilidades de gest\u00e3o s\u00e3o essenciais para que o seu neg\u00f3cio prospere e d\u00ea os resultados desejados.N\u00e3o h\u00e1 o certo e errado, h\u00e1 op\u00e7\u00f5es.<\/p>\n<p>&nbsp;<\/p>\n","protected":false},"excerpt":{"rendered":"<p>Ol\u00e1 empreendedores e empreendedoras! Hoje faremos uma compara\u00e7\u00e3o entre franquia e neg\u00f3cio pr\u00f3prio. O Brasil \u00e9 o 4\u00ba maior pa\u00eds em n\u00famero de franqueadores do mundo, e por aqui este mercado cresceu em m\u00e9dia 8% ao ano nos \u00faltimos 5 anos. Neste mesmo per\u00edodo, a m\u00e9dia do PIB Nacional foi de 0,58 %. Ou seja, [&hellip;]<\/p>\n","protected":false},"author":96,"featured_media":105741,"comment_status":"closed","ping_status":"closed","sticky":false,"template":"","format":"standard","meta":{"footnotes":""},"categories":[300,440,439],"tags":[],"class_list":["post-123145","post","type-post","status-publish","format-standard","has-post-thumbnail","hentry","category-coaches-club","category-destaques-do-dia","category-ultima-hora"],"_links":{"self":[{"href":"https:\/\/diarioregionaldigital.com.br\/index.php?rest_route=\/wp\/v2\/posts\/123145","targetHints":{"allow":["GET"]}}],"collection":[{"href":"https:\/\/diarioregionaldigital.com.br\/index.php?rest_route=\/wp\/v2\/posts"}],"about":[{"href":"https:\/\/diarioregionaldigital.com.br\/index.php?rest_route=\/wp\/v2\/types\/post"}],"author":[{"embeddable":true,"href":"https:\/\/diarioregionaldigital.com.br\/index.php?rest_route=\/wp\/v2\/users\/96"}],"replies":[{"embeddable":true,"href":"https:\/\/diarioregionaldigital.com.br\/index.php?rest_route=%2Fwp%2Fv2%2Fcomments&post=123145"}],"version-history":[{"count":0,"href":"https:\/\/diarioregionaldigital.com.br\/index.php?rest_route=\/wp\/v2\/posts\/123145\/revisions"}],"wp:featuredmedia":[{"embeddable":true,"href":"https:\/\/diarioregionaldigital.com.br\/index.php?rest_route=\/wp\/v2\/media\/105741"}],"wp:attachment":[{"href":"https:\/\/diarioregionaldigital.com.br\/index.php?rest_route=%2Fwp%2Fv2%2Fmedia&parent=123145"}],"wp:term":[{"taxonomy":"category","embeddable":true,"href":"https:\/\/diarioregionaldigital.com.br\/index.php?rest_route=%2Fwp%2Fv2%2Fcategories&post=123145"},{"taxonomy":"post_tag","embeddable":true,"href":"https:\/\/diarioregionaldigital.com.br\/index.php?rest_route=%2Fwp%2Fv2%2Ftags&post=123145"}],"curies":[{"name":"wp","href":"https:\/\/api.w.org\/{rel}","templated":true}]}}