{"id":123132,"date":"2018-10-18T19:31:56","date_gmt":"2018-10-18T22:31:56","guid":{"rendered":"https:\/\/diarioregionaldigital.com.br\/?p=123132"},"modified":"2018-10-18T19:31:56","modified_gmt":"2018-10-18T22:31:56","slug":"mpe-vai-apurar-suspeita-de-doacoes-ilegais-a-campanha-de-bolsonaro","status":"publish","type":"post","link":"https:\/\/diarioregionaldigital.com.br\/?p=123132","title":{"rendered":"MPE vai apurar suspeita de doa\u00e7\u00f5es ilegais \u00e0 campanha de Bolsonaro"},"content":{"rendered":"<p>O Minist\u00e9rio P\u00fablico Eleitoral (MPE) vai apurar a suspeita de que empresas privadas estejam fazendo doa\u00e7\u00f5es ilegais para a campanha do candidato \u00e0 Presid\u00eancia da Rep\u00fablica, Jair Bolsonaro (PSL). Pelo menos dois pedidos de investiga\u00e7\u00e3o j\u00e1 foram protocolados nesta quarta-feira,\u00a018, na Procuradoria-Geral Eleitoral (PGE). A expectativa \u00e9 que outras representa\u00e7\u00f5es sejam apresentadas diretamente ao Tribunal Superior Eleitoral (TSE).<\/p>\n<p>De acordo com reportagem publicada nesta quarta-feira, 18, pelo jornal <em>Folha de S.Paulo<\/em>, empresas que apoiam Jair Bolsonaro estariam pagando pelo servi\u00e7o de disparo de mensagens pelo WhatsApp a fim de favorecer o candidato Jair Bolsonaro. Procurado para comentar a den\u00fancia publicada\u00a0<span id=\"OBJ_PREFIX_DWT2974_com_zimbra_date\" role=\"link\"><span id=\"OBJ_PREFIX_DWT2981_com_zimbra_date\" role=\"link\">pelo jornal, o vice-procurador eleitoral, Humberto Jacques de Medeiros informou, por meio da assessoria do MPE, que n\u00e3o conceder\u00e1 entrevistas, pois o \u00f3rg\u00e3o n\u00e3o pode antecipar qualquer posicionamento sobre casos em an\u00e1lise. A atua\u00e7\u00e3o dos pedidos de investiga\u00e7\u00e3o apresentados ao \u00f3rg\u00e3o ser\u00e1 feita no \u00e2mbito das demais representa\u00e7\u00f5es que forem encaminhadas ao TSE.<\/span><\/span><\/p>\n<p><span id=\"OBJ_PREFIX_DWT2974_com_zimbra_date\" role=\"link\">A reportagem diz ter<\/span>\u00a0apurado que alguns contratos podem chegar a R$ 12 milh\u00f5es. A pr\u00e1tica, conforme lembra o jornal, \u00e9 ilegal, pois, se confirmada, trata-se de doa\u00e7\u00e3o de campanha vedada por lei e, evidentemente, n\u00e3o declarada \u00e0 Justi\u00e7a Eleitoral.<\/p>\n<p>Ainda segundo o jornal, as empresas de marketing digital se valem da utiliza\u00e7\u00e3o de n\u00fameros no exterior para enviar centenas de milh\u00f5es de mensagens, burlando as restri\u00e7\u00f5es que o WhatsApp imp\u00f5e a usu\u00e1rios brasileiros. As atividades envolvem o uso de cadastros vendidos de forma irregular. A legisla\u00e7\u00e3o eleitoral s\u00f3 permite o uso de listas elaboradas voluntariamente pelas pr\u00f3prias campanhas. O financiamento empresarial de campanha tamb\u00e9m \u00e9 proibido.<\/p>\n<p>Bolsonaro defendeu-se da acusa\u00e7\u00e3o por meio de sua conta no Twitter. \u201cO PT n\u00e3o est\u00e1 sendo prejudicado por <em>fake news<\/em>, mas pela verdade. Roubaram o dinheiro da popula\u00e7\u00e3o, foram presos, afrontaram a justi\u00e7a, desrespeitaram as fam\u00edlias e mergulharam o pa\u00eds na viol\u00eancia e no caos. Os brasileiros sentiram tudo isso na pele, n\u00e3o tem mais como engan\u00e1-los!\u201d, escreveu o candidato, alegando que o PT \u201cdesconhece e n\u00e3o aceita apoio volunt\u00e1rio\u201d.<\/p>\n<h2>Representa\u00e7\u00f5es<\/h2>\n<p>O deputado federal Jean Wyllys (PSOL-RJ), em representa\u00e7\u00e3o na Procuradoria-Geral Eleitoral,\u00a0classifica o resultado da apura\u00e7\u00e3o do jornal como uma \u201cgrave den\u00fancia\u201d envolvendo a \u201cocorr\u00eancia de ao menos tr\u00eas atos il\u00edcitos de gravidade avassaladora, uma vez que podem viciar a vontade do eleitor e, assim, fraudar o resultado da elei\u00e7\u00e3o\u201d.<\/p>\n<p>O PDT tamb\u00e9m anunciou que ingressar\u00e1 ainda esta semana com uma representa\u00e7\u00e3o no Tribunal Superior Eleitoral contra a candidatura de Bolsonaro.\u00a0A decis\u00e3o foi tomada no in\u00edcio da tarde de\u00a0<span id=\"OBJ_PREFIX_DWT2983_com_zimbra_date\" role=\"link\"><span id=\"OBJ_PREFIX_DWT2976_com_zimbra_date\" role=\"link\">hoje<\/span><\/span>,\u00a0durante reuni\u00e3o do presidente nacional do partido, Carlos Lupi, com a assessoria jur\u00eddica e outros integrantes da sigla. O PDT, que declarou &#8220;apoio cr\u00edtico&#8221; a Haddad no segundo turno, definiu a suspeita de que um dos candidatos esteja sendo favorecido pela suposta compra de pacotes de divulga\u00e7\u00e3o em massa de not\u00edcias falsas como crime de abuso do poder econ\u00f4mico.<\/p>\n<p>Mais cedo, o candidato do PT \u00e0 Presid\u00eancia, Fernando Haddad, defendeu\u00a0que, diante da gravidade das suspeitas, o correto seria que a candidatura de Bolsonaro fosse impugnada e que o candidato Ciro Gomes (PDT), que terminou o primeiro turno em terceiro lugar, disputasse com ele o cargo. Ciro obteve 12,47% dos votos v\u00e1lidos, terminando atr\u00e1s de Haddad.<\/p>\n<p>Fonte: Ag\u00eancia Brasil<\/p>\n","protected":false},"excerpt":{"rendered":"<p>O Minist\u00e9rio P\u00fablico Eleitoral (MPE) vai apurar a suspeita de que empresas privadas estejam fazendo doa\u00e7\u00f5es ilegais para a campanha do candidato \u00e0 Presid\u00eancia da Rep\u00fablica, Jair Bolsonaro (PSL). Pelo menos dois pedidos de investiga\u00e7\u00e3o j\u00e1 foram protocolados nesta quarta-feira,\u00a018, na Procuradoria-Geral Eleitoral (PGE). A expectativa \u00e9 que outras representa\u00e7\u00f5es sejam apresentadas diretamente ao Tribunal [&hellip;]<\/p>\n","protected":false},"author":96,"featured_media":123121,"comment_status":"closed","ping_status":"closed","sticky":false,"template":"","format":"standard","meta":{"footnotes":""},"categories":[436,440,254,439],"tags":[],"class_list":["post-123132","post","type-post","status-publish","format-standard","has-post-thumbnail","hentry","category-destaque-da-semana","category-destaques-do-dia","category-politica","category-ultima-hora"],"_links":{"self":[{"href":"https:\/\/diarioregionaldigital.com.br\/index.php?rest_route=\/wp\/v2\/posts\/123132","targetHints":{"allow":["GET"]}}],"collection":[{"href":"https:\/\/diarioregionaldigital.com.br\/index.php?rest_route=\/wp\/v2\/posts"}],"about":[{"href":"https:\/\/diarioregionaldigital.com.br\/index.php?rest_route=\/wp\/v2\/types\/post"}],"author":[{"embeddable":true,"href":"https:\/\/diarioregionaldigital.com.br\/index.php?rest_route=\/wp\/v2\/users\/96"}],"replies":[{"embeddable":true,"href":"https:\/\/diarioregionaldigital.com.br\/index.php?rest_route=%2Fwp%2Fv2%2Fcomments&post=123132"}],"version-history":[{"count":0,"href":"https:\/\/diarioregionaldigital.com.br\/index.php?rest_route=\/wp\/v2\/posts\/123132\/revisions"}],"wp:featuredmedia":[{"embeddable":true,"href":"https:\/\/diarioregionaldigital.com.br\/index.php?rest_route=\/wp\/v2\/media\/123121"}],"wp:attachment":[{"href":"https:\/\/diarioregionaldigital.com.br\/index.php?rest_route=%2Fwp%2Fv2%2Fmedia&parent=123132"}],"wp:term":[{"taxonomy":"category","embeddable":true,"href":"https:\/\/diarioregionaldigital.com.br\/index.php?rest_route=%2Fwp%2Fv2%2Fcategories&post=123132"},{"taxonomy":"post_tag","embeddable":true,"href":"https:\/\/diarioregionaldigital.com.br\/index.php?rest_route=%2Fwp%2Fv2%2Ftags&post=123132"}],"curies":[{"name":"wp","href":"https:\/\/api.w.org\/{rel}","templated":true}]}}