{"id":123123,"date":"2018-10-18T17:10:53","date_gmt":"2018-10-18T20:10:53","guid":{"rendered":"https:\/\/diarioregionaldigital.com.br\/?p=123123"},"modified":"2018-10-18T17:10:53","modified_gmt":"2018-10-18T20:10:53","slug":"senado-confirma-164-cargos-para-ministerio-da-seguranca-publica","status":"publish","type":"post","link":"https:\/\/diarioregionaldigital.com.br\/?p=123123","title":{"rendered":"Senado confirma 164 cargos para Minist\u00e9rio da Seguran\u00e7a P\u00fablica"},"content":{"rendered":"<p>O Senado Federal aprovou, em vota\u00e7\u00e3o simb\u00f3lica, a Medida Provis\u00f3ria 840\/2018, que criou 164 cargos comissionados para o Minist\u00e9rio da Seguran\u00e7a P\u00fablica. A mat\u00e9ria segue agora para promulga\u00e7\u00e3o<\/p>\n<p>Os cargos s\u00e3o do grupo de Dire\u00e7\u00e3o e Assessoramento Superiores (DAS): 17 DAS-5, 58 DAS-4, 37 DAS-3, 24 DAS-2 e 28 DAS-1. Cada DAS possui um n\u00edvel salarial diferente.<\/p>\n<p>A cria\u00e7\u00e3o dos cargos vem complementar a cria\u00e7\u00e3o do pr\u00f3prio minist\u00e9rio, que ocorreu pela MP 821\/2018 no come\u00e7o do ano. A cria\u00e7\u00e3o das fun\u00e7\u00f5es tem a finalidade de contribuir com estrutura\u00e7\u00e3o da \u00e1rea administrativa do minist\u00e9rio, visto que a MP que instituiu a pasta apenas realocou cargos nas \u00e1reas fins.<\/p>\n<p>Os novos cargos s\u00e3o de livre nomea\u00e7\u00e3o e destinam-se tanto a servidores p\u00fablicos de carreira (ativos e inativos) quanto a pessoas sem v\u00ednculo com a administra\u00e7\u00e3o p\u00fablica federal.<\/p>\n<p>De acordo com o governo, o provimento dos cargos acarretar\u00e1 impacto or\u00e7ament\u00e1rio de R$14 milh\u00f5es em 2018, R$19,4 milh\u00f5es em 2019 e R$19,5 milh\u00f5es em 2020. A medida provis\u00f3ria determina que o provimento estar\u00e1 condicionado \u00e0 expressa autoriza\u00e7\u00e3o na Lei Or\u00e7ament\u00e1ria Anual (LOA) e \u00e0 permiss\u00e3o na Lei de Diretrizes Or\u00e7ament\u00e1rias (LDO).<\/p>\n<p>&nbsp;<\/p>\n<p>Fonte: Ag\u00eancia Senado<\/p>\n","protected":false},"excerpt":{"rendered":"<p>O Senado Federal aprovou, em vota\u00e7\u00e3o simb\u00f3lica, a Medida Provis\u00f3ria 840\/2018, que criou 164 cargos comissionados para o Minist\u00e9rio da Seguran\u00e7a P\u00fablica. A mat\u00e9ria segue agora para promulga\u00e7\u00e3o Os cargos s\u00e3o do grupo de Dire\u00e7\u00e3o e Assessoramento Superiores (DAS): 17 DAS-5, 58 DAS-4, 37 DAS-3, 24 DAS-2 e 28 DAS-1. Cada DAS possui um n\u00edvel [&hellip;]<\/p>\n","protected":false},"author":96,"featured_media":123124,"comment_status":"closed","ping_status":"closed","sticky":false,"template":"","format":"standard","meta":{"footnotes":""},"categories":[436,254,439],"tags":[],"class_list":["post-123123","post","type-post","status-publish","format-standard","has-post-thumbnail","hentry","category-destaque-da-semana","category-politica","category-ultima-hora"],"_links":{"self":[{"href":"https:\/\/diarioregionaldigital.com.br\/index.php?rest_route=\/wp\/v2\/posts\/123123","targetHints":{"allow":["GET"]}}],"collection":[{"href":"https:\/\/diarioregionaldigital.com.br\/index.php?rest_route=\/wp\/v2\/posts"}],"about":[{"href":"https:\/\/diarioregionaldigital.com.br\/index.php?rest_route=\/wp\/v2\/types\/post"}],"author":[{"embeddable":true,"href":"https:\/\/diarioregionaldigital.com.br\/index.php?rest_route=\/wp\/v2\/users\/96"}],"replies":[{"embeddable":true,"href":"https:\/\/diarioregionaldigital.com.br\/index.php?rest_route=%2Fwp%2Fv2%2Fcomments&post=123123"}],"version-history":[{"count":0,"href":"https:\/\/diarioregionaldigital.com.br\/index.php?rest_route=\/wp\/v2\/posts\/123123\/revisions"}],"wp:featuredmedia":[{"embeddable":true,"href":"https:\/\/diarioregionaldigital.com.br\/index.php?rest_route=\/wp\/v2\/media\/123124"}],"wp:attachment":[{"href":"https:\/\/diarioregionaldigital.com.br\/index.php?rest_route=%2Fwp%2Fv2%2Fmedia&parent=123123"}],"wp:term":[{"taxonomy":"category","embeddable":true,"href":"https:\/\/diarioregionaldigital.com.br\/index.php?rest_route=%2Fwp%2Fv2%2Fcategories&post=123123"},{"taxonomy":"post_tag","embeddable":true,"href":"https:\/\/diarioregionaldigital.com.br\/index.php?rest_route=%2Fwp%2Fv2%2Ftags&post=123123"}],"curies":[{"name":"wp","href":"https:\/\/api.w.org\/{rel}","templated":true}]}}