{"id":123120,"date":"2018-10-18T16:57:39","date_gmt":"2018-10-18T19:57:39","guid":{"rendered":"https:\/\/diarioregionaldigital.com.br\/?p=123120"},"modified":"2018-10-18T16:57:39","modified_gmt":"2018-10-18T19:57:39","slug":"medico-diz-que-bolsonaro-pode-participar-de-debate-rapido","status":"publish","type":"post","link":"https:\/\/diarioregionaldigital.com.br\/?p=123120","title":{"rendered":"M\u00e9dico diz que Bolsonaro pode participar de debate r\u00e1pido"},"content":{"rendered":"<p>O candidato do PSL \u00e0 Presid\u00eancia, Jair Bolsonaro, pode, sob ponto de vista cl\u00ednico, participar de debates, se assim desejar. Por\u00e9m, com a condi\u00e7\u00e3o de que seja r\u00e1pido, no m\u00e1ximo de 20 a 30 minutos, e numa posi\u00e7\u00e3o confort\u00e1vel, como por exemplo sentado em uma poltrona. A avalia\u00e7\u00e3o \u00e9 do m\u00e9dico respons\u00e1vel pelo tratamento do candidato.<\/p>\n<p>O cirurgi\u00e3o Ant\u00f4nio Luiz Macedo, chefe da equipe m\u00e9dica que operou o candidato, no Hospital Albert Einstein em S\u00e3o Paulo, e respons\u00e1vel pelo tratamento do presidenci\u00e1vel, falou a respeito das condi\u00e7\u00f5es do candidato.<\/p>\n<p>Questionado se Bolsonaro poderia participar de debates, Macedo respondeu: &#8220;Com certeza&#8221;. Mas fez ressalvas do tempo m\u00e1ximo de dura\u00e7\u00e3o do debate. Segundo ele, o candidato n\u00e3o poderia, por exemplo, ficar em p\u00e9, como tem sido o formato da maioria dos debates televisivos. &#8220;Teria que ser acomodado em uma poltrona confort\u00e1vel&#8221;, estipulou o m\u00e9dico.<\/p>\n<p><strong>\u00a0<\/strong><strong>Exames<\/strong><\/p>\n<p>Pela manh\u00e3, os m\u00e9dicos Ant\u00f4nio Luiz Macedo e Leandro Echenique chegaram \u00e0 casa de Bolsonaro por volta de 9h45 e deixaram o local \u00e0s 11h20. Eles evitaram falar com a imprensa. Em seguida, houve duas notas da equipe m\u00e9dica informando que o candidato est\u00e1 com evolu\u00e7\u00e3o cl\u00ednica e nutricional, mas sem esclarecer se ele poderia voltar \u00e0s atividades normais.<\/p>\n<p>A cirurgia para a retirada da bolsa de colostomia est\u00e1 prevista para ser feita a partir do dia 12 de dezembro e requer duas semanas de recupera\u00e7\u00e3o.<\/p>\n<p>Bolsonaro foi alvo de um atentado em Juiz de Fora, em Minas Gerais, em 6 de setembro, quando Ad\u00e9lio Bispo o atingiu com uma faca no abd\u00f4men. O candidato foi submetido a duas cirurgias, uma em Juiz fora, e outra em S\u00e3o Paulo.<\/p>\n<p>&nbsp;<\/p>\n<p>Fonte: Ag\u00eancia Brasil<\/p>\n","protected":false},"excerpt":{"rendered":"<p>O candidato do PSL \u00e0 Presid\u00eancia, Jair Bolsonaro, pode, sob ponto de vista cl\u00ednico, participar de debates, se assim desejar. Por\u00e9m, com a condi\u00e7\u00e3o de que seja r\u00e1pido, no m\u00e1ximo de 20 a 30 minutos, e numa posi\u00e7\u00e3o confort\u00e1vel, como por exemplo sentado em uma poltrona. A avalia\u00e7\u00e3o \u00e9 do m\u00e9dico respons\u00e1vel pelo tratamento do [&hellip;]<\/p>\n","protected":false},"author":96,"featured_media":123121,"comment_status":"closed","ping_status":"closed","sticky":false,"template":"","format":"standard","meta":{"footnotes":""},"categories":[436,254,439],"tags":[],"class_list":["post-123120","post","type-post","status-publish","format-standard","has-post-thumbnail","hentry","category-destaque-da-semana","category-politica","category-ultima-hora"],"_links":{"self":[{"href":"https:\/\/diarioregionaldigital.com.br\/index.php?rest_route=\/wp\/v2\/posts\/123120","targetHints":{"allow":["GET"]}}],"collection":[{"href":"https:\/\/diarioregionaldigital.com.br\/index.php?rest_route=\/wp\/v2\/posts"}],"about":[{"href":"https:\/\/diarioregionaldigital.com.br\/index.php?rest_route=\/wp\/v2\/types\/post"}],"author":[{"embeddable":true,"href":"https:\/\/diarioregionaldigital.com.br\/index.php?rest_route=\/wp\/v2\/users\/96"}],"replies":[{"embeddable":true,"href":"https:\/\/diarioregionaldigital.com.br\/index.php?rest_route=%2Fwp%2Fv2%2Fcomments&post=123120"}],"version-history":[{"count":0,"href":"https:\/\/diarioregionaldigital.com.br\/index.php?rest_route=\/wp\/v2\/posts\/123120\/revisions"}],"wp:featuredmedia":[{"embeddable":true,"href":"https:\/\/diarioregionaldigital.com.br\/index.php?rest_route=\/wp\/v2\/media\/123121"}],"wp:attachment":[{"href":"https:\/\/diarioregionaldigital.com.br\/index.php?rest_route=%2Fwp%2Fv2%2Fmedia&parent=123120"}],"wp:term":[{"taxonomy":"category","embeddable":true,"href":"https:\/\/diarioregionaldigital.com.br\/index.php?rest_route=%2Fwp%2Fv2%2Fcategories&post=123120"},{"taxonomy":"post_tag","embeddable":true,"href":"https:\/\/diarioregionaldigital.com.br\/index.php?rest_route=%2Fwp%2Fv2%2Ftags&post=123120"}],"curies":[{"name":"wp","href":"https:\/\/api.w.org\/{rel}","templated":true}]}}