{"id":123082,"date":"2018-10-18T13:05:48","date_gmt":"2018-10-18T16:05:48","guid":{"rendered":"https:\/\/diarioregionaldigital.com.br\/?p=123082"},"modified":"2018-10-18T13:05:48","modified_gmt":"2018-10-18T16:05:48","slug":"acidente-entre-caminhao-e-bitrem-na-br-265-deixam-duas-pessoas-feridas","status":"publish","type":"post","link":"https:\/\/diarioregionaldigital.com.br\/?p=123082","title":{"rendered":"Acidente entre caminh\u00e3o e bitrem na BR-265 deixam duas pessoas feridas"},"content":{"rendered":"<p>Foi registrado na tarde de quarta-feira, 17, um acidente envolvendo um caminh\u00e3o e uma carreta bitrem, entre Barbacena e Barroso, na BR-265.\u00a0 A carreta, segundo testemunhas, trafegava\u00a0no sentido Barbacena\/Barroso quando perdeu o controle ap\u00f3s uma curva e acabou colidindo contra o caminh\u00e3o que vinha no sentido contr\u00e1rio.<\/p>\n<p>A carga do Bitrem, aparentemente ra\u00e7\u00e3o, caiu sobre a cabine do outro ve\u00edculo. Ainda n\u00e3o h\u00e1 informa\u00e7\u00f5es sobre o estado de sa\u00fade do motorista da carreta. J\u00e1 o motorista do caminh\u00e3o, que \u00e9 de Barroso, recebeu socorro dos motoristas que passavam pelo local e n\u00e3o corre risco de morte.<\/p>\n<p>&nbsp;<\/p>\n<p>Fonte: Barbacena Online<\/p>\n","protected":false},"excerpt":{"rendered":"<p>Foi registrado na tarde de quarta-feira, 17, um acidente envolvendo um caminh\u00e3o e uma carreta bitrem, entre Barbacena e Barroso, na BR-265.\u00a0 A carreta, segundo testemunhas, trafegava\u00a0no sentido Barbacena\/Barroso quando perdeu o controle ap\u00f3s uma curva e acabou colidindo contra o caminh\u00e3o que vinha no sentido contr\u00e1rio. A carga do Bitrem, aparentemente ra\u00e7\u00e3o, caiu sobre [&hellip;]<\/p>\n","protected":false},"author":96,"featured_media":123083,"comment_status":"closed","ping_status":"closed","sticky":false,"template":"","format":"standard","meta":{"footnotes":""},"categories":[252,439],"tags":[],"class_list":["post-123082","post","type-post","status-publish","format-standard","has-post-thumbnail","hentry","category-regiao","category-ultima-hora"],"_links":{"self":[{"href":"https:\/\/diarioregionaldigital.com.br\/index.php?rest_route=\/wp\/v2\/posts\/123082","targetHints":{"allow":["GET"]}}],"collection":[{"href":"https:\/\/diarioregionaldigital.com.br\/index.php?rest_route=\/wp\/v2\/posts"}],"about":[{"href":"https:\/\/diarioregionaldigital.com.br\/index.php?rest_route=\/wp\/v2\/types\/post"}],"author":[{"embeddable":true,"href":"https:\/\/diarioregionaldigital.com.br\/index.php?rest_route=\/wp\/v2\/users\/96"}],"replies":[{"embeddable":true,"href":"https:\/\/diarioregionaldigital.com.br\/index.php?rest_route=%2Fwp%2Fv2%2Fcomments&post=123082"}],"version-history":[{"count":0,"href":"https:\/\/diarioregionaldigital.com.br\/index.php?rest_route=\/wp\/v2\/posts\/123082\/revisions"}],"wp:featuredmedia":[{"embeddable":true,"href":"https:\/\/diarioregionaldigital.com.br\/index.php?rest_route=\/wp\/v2\/media\/123083"}],"wp:attachment":[{"href":"https:\/\/diarioregionaldigital.com.br\/index.php?rest_route=%2Fwp%2Fv2%2Fmedia&parent=123082"}],"wp:term":[{"taxonomy":"category","embeddable":true,"href":"https:\/\/diarioregionaldigital.com.br\/index.php?rest_route=%2Fwp%2Fv2%2Fcategories&post=123082"},{"taxonomy":"post_tag","embeddable":true,"href":"https:\/\/diarioregionaldigital.com.br\/index.php?rest_route=%2Fwp%2Fv2%2Ftags&post=123082"}],"curies":[{"name":"wp","href":"https:\/\/api.w.org\/{rel}","templated":true}]}}