{"id":123052,"date":"2018-10-18T09:17:51","date_gmt":"2018-10-18T12:17:51","guid":{"rendered":"https:\/\/diarioregionaldigital.com.br\/?p=123052"},"modified":"2018-10-18T19:50:35","modified_gmt":"2018-10-18T22:50:35","slug":"ultima-semana-para-submissao-de-trabalhos-xi-simposio-nacional-da-abciber","status":"publish","type":"post","link":"https:\/\/diarioregionaldigital.com.br\/?p=123052","title":{"rendered":"\u00daltima semana para submiss\u00e3o de trabalhos XI Simp\u00f3sio Nacional da ABCiber"},"content":{"rendered":"<p>O prazo final para a submiss\u00e3o de trabalhos para a participa\u00e7\u00e3o no XI\u00a0Simp\u00f3sio Nacional da ABCiber, se encerra na pr\u00f3xima segunda-feira, dia 22 de\u00a0outubro. O simp\u00f3sio, acontece nos dias 21, 22, 23, e 24 de novembro na Faculdade de\u00a0Comunica\u00e7\u00e3o da Universidade Federal de Juiz de Fora (Facom\/UFJF), \u00e9 transdisciplinar\u00a0e conta com 18 eixos tem\u00e1ticos relacionados \u00e0s \u00e1reas de Comunica\u00e7\u00e3o, Artes,\u00a0Tecnologia, Educa\u00e7\u00e3o, Sociedade, entre outros. Em sua 11\u00aa edi\u00e7\u00e3o, o ABCiber vai\u00a0discutir os \u201cFluxos Emergentes e Conex\u00f5es Expandidas no Ecossistema Digital\u201d,\u00a0visando articular uma reflex\u00e3o te\u00f3rica a partir diferentes fen\u00f4menos insurgentes na\u00a0ambi\u00eancia conectiva digital.<\/p>\n<p>Durante os quatro dias, o simp\u00f3sio, que acontece pela primeira vez em\u00a0Minas Gerais, contar\u00e1 com palestras, mesas de confer\u00eancias, mesas tem\u00e1ticas,\u00a0apresenta\u00e7\u00f5es de trabalhos, momentos culturais e muito mais. Dentre os palestrantes j\u00e1\u00a0confirmados para o XI ABCiber est\u00e3o a Prof.\u00aa Dr.\u00aa L\u00facia Santaella (PUC-SP), uma das\u00a0principais divulgadoras da semi\u00f3tica e do pensamento de Charles Peirce no Brasil; Prof.\u00a0Dr. Massimo de Felice (ECA\/USP), que tem experi\u00eancia nas \u00e1reas da Sociologia,\u00a0Antropologia e Comunica\u00e7\u00e3o, e que, atualmente, vem estudando as redes complexas em\u00a0tr\u00eas dimens\u00f5es; e Prof. Dr Mario Carl\u00f3n, docente na Faculdade de Ci\u00eancias Sociais da\u00a0Universidade de Buenos Aires, que participar\u00e1 de uma mesa sobre os fluxos e\u00a0linguagens emergentes no atual contexto digital. Al\u00e9m disso, participar\u00e3o docentes de\u00a0diversas Universidades do pa\u00eds, do Programa de P\u00f3s-Gradua\u00e7\u00e3o em Comunica\u00e7\u00e3o e de\u00a0outras faculdades da UFJF.<\/p>\n<h3>Tem\u00e1tica do evento<\/h3>\n<p>Discutir os fen\u00f4menos do ecossistema conectivo digital \u00e9 importante para\u00a0compreender a complexidade da Comunica\u00e7\u00e3o no cen\u00e1rio contempor\u00e2neo e suas\u00a0implica\u00e7\u00f5es na expans\u00e3o das linguagens e nossos habitats nas mais diferentes \u00e1reas do conhecimento, com transforma\u00e7\u00f5es significativas no nosso dia a dia, desde a pol\u00edtica, a\u00a0cultura ou a economia. Segundo a organizadora do evento, Prof.\u00aa Dr.\u00aa Soraya Ferreira\u00a0(PPGCOM\/UFJF), \u201cn\u00f3s estamos imersos em uma realidade conectiva e estamos\u00a0pensando esse ecossistema digital. Hoje, n\u00f3s vivemos conectados por diferentes modos,\u00a0ent\u00e3o, temos que entender em que tipo de sociedade estamos inseridos, e qual \u00e9 o\u00a0ecossistema que se apresenta\u201d.<\/p>\n<p>A mestranda Luiza Mello, orientada pela professora Soraya, defende a\u00a0import\u00e2ncia de se levantar essas quest\u00f5es. \u201cPara a \u00e1rea acad\u00eamica \u00e9 importante um\u00a0evento deste n\u00edvel, de renome internacional, pela primeira vez em Minas Gerais, e que<br \/>\nprop\u00f5e uma discuss\u00e3o interdisciplinar, abrangendo pesquisas da \u00e1rea da Comunica\u00e7\u00e3o,\u00a0Educa\u00e7\u00e3o, Engenharia, TI, Arquitetura, Artes. Acredito que praticamente todos os\u00a0cursos da UFJF podem se encaixar na tem\u00e1tica do evento\u201d.<\/p>\n<h3>Participa\u00e7\u00e3o<\/h3>\n<p>O evento \u00e9 aberto ao p\u00fablico em geral. A inscri\u00e7\u00e3o pode ser feita pelo\u00a0site www.abciber.org.br\/simposio2018\/ at\u00e9 o dia 06 de novembro para autores de\u00a0trabalhos e at\u00e9 o dia 18 de novembro para ouvintes. Lembrando que os resumos\u00a0expandidos devem ser enviados at\u00e9 o dia 22 de outubro. Os valores variam de R$60 a\u00a0R$ 260. Alunos de gradua\u00e7\u00e3o e p\u00f3s-gradua\u00e7\u00e3o da UFJF t\u00eam valor promocional para se\u00a0inscreverem.<\/p>\n<p>&nbsp;<\/p>\n<p><em>Fonte: Assessoria<\/em><\/p>\n","protected":false},"excerpt":{"rendered":"<p>O prazo final para a submiss\u00e3o de trabalhos para a participa\u00e7\u00e3o no XI\u00a0Simp\u00f3sio Nacional da ABCiber, se encerra na pr\u00f3xima segunda-feira, dia 22 de\u00a0outubro. O simp\u00f3sio, acontece nos dias 21, 22, 23, e 24 de novembro na Faculdade de\u00a0Comunica\u00e7\u00e3o da Universidade Federal de Juiz de Fora (Facom\/UFJF), \u00e9 transdisciplinar\u00a0e conta com 18 eixos tem\u00e1ticos relacionados [&hellip;]<\/p>\n","protected":false},"author":96,"featured_media":0,"comment_status":"closed","ping_status":"closed","sticky":false,"template":"","format":"standard","meta":{"footnotes":""},"categories":[253,439],"tags":[],"class_list":["post-123052","post","type-post","status-publish","format-standard","hentry","category-cidade","category-ultima-hora"],"_links":{"self":[{"href":"https:\/\/diarioregionaldigital.com.br\/index.php?rest_route=\/wp\/v2\/posts\/123052","targetHints":{"allow":["GET"]}}],"collection":[{"href":"https:\/\/diarioregionaldigital.com.br\/index.php?rest_route=\/wp\/v2\/posts"}],"about":[{"href":"https:\/\/diarioregionaldigital.com.br\/index.php?rest_route=\/wp\/v2\/types\/post"}],"author":[{"embeddable":true,"href":"https:\/\/diarioregionaldigital.com.br\/index.php?rest_route=\/wp\/v2\/users\/96"}],"replies":[{"embeddable":true,"href":"https:\/\/diarioregionaldigital.com.br\/index.php?rest_route=%2Fwp%2Fv2%2Fcomments&post=123052"}],"version-history":[{"count":0,"href":"https:\/\/diarioregionaldigital.com.br\/index.php?rest_route=\/wp\/v2\/posts\/123052\/revisions"}],"wp:attachment":[{"href":"https:\/\/diarioregionaldigital.com.br\/index.php?rest_route=%2Fwp%2Fv2%2Fmedia&parent=123052"}],"wp:term":[{"taxonomy":"category","embeddable":true,"href":"https:\/\/diarioregionaldigital.com.br\/index.php?rest_route=%2Fwp%2Fv2%2Fcategories&post=123052"},{"taxonomy":"post_tag","embeddable":true,"href":"https:\/\/diarioregionaldigital.com.br\/index.php?rest_route=%2Fwp%2Fv2%2Ftags&post=123052"}],"curies":[{"name":"wp","href":"https:\/\/api.w.org\/{rel}","templated":true}]}}