{"id":123046,"date":"2018-10-18T05:56:19","date_gmt":"2018-10-18T08:56:19","guid":{"rendered":"https:\/\/diarioregionaldigital.com.br\/?p=123046"},"modified":"2018-10-18T08:59:38","modified_gmt":"2018-10-18T11:59:38","slug":"tse-convoca-representantes-de-bolsonaro-e-haddad-e-pede-clima-de-paz","status":"publish","type":"post","link":"https:\/\/diarioregionaldigital.com.br\/?p=123046","title":{"rendered":"TSE convoca representantes de Bolsonaro e Haddad e pede clima de paz"},"content":{"rendered":"<p>A ministra do Tribunal Superior Eleitoral (TSE), ministra Rosa Weber, se reuniu nessa quarta-feira, 17, com representantes das candidaturas de Fernando Haddad (PT) e Jair Bolsonaro (PSL) para discutir a difus\u00e3o massiva de not\u00edcias falsas e a onda de viol\u00eancia durante as elei\u00e7\u00f5es. O tribunal vem colocando preocupa\u00e7\u00f5es com a dissemina\u00e7\u00e3o de conte\u00fados colocando em d\u00favida o sistema de vota\u00e7\u00e3o e apura\u00e7\u00e3o nestas elei\u00e7\u00f5es. Participaram do encontro tamb\u00e9m os ministros Lu\u00eds Roberto Barroso e Edson Fachin.<\/p>\n<p>Segundo representantes das candidaturas, que falaram a jornalistas ao fim do encontro, os ministros do TSE mostraram preocupa\u00e7\u00e3o com os conte\u00fados enganosos e casos de agress\u00e3o. Rosa Weber teria feito um apelo para que a campanha ocorra em clima de paz e para que os candidatos incentivem apoiadores a fazer uma campanha pac\u00edfica.<\/p>\n<p>Em rela\u00e7\u00e3o a conte\u00fados colocando em d\u00favida a lisura do processo eleitoral, os ministros defenderam a seguran\u00e7a das urnas eletr\u00f4nicas e do sistema de vota\u00e7\u00e3o. Mas, conforme os relatos, n\u00e3o houve resolu\u00e7\u00e3o ou encaminhamentos concretos, apenas recomenda\u00e7\u00f5es dos ministros.<\/p>\n<p>\u201cAs sugest\u00f5es [do TSE] foram no sentido de que n\u00f3s comunic\u00e1ssemos aos nossos clientes para que continuassem se esfor\u00e7ando para que houvesse cada vez mais a instru\u00e7\u00e3o dos eleitores para que se evite qualquer atitude que possa ser considerada viol\u00eancia. Embora n\u00f3s tenhamos dito que isso foge ao controle de qualquer candidato. A viol\u00eancia existe, \u00e9 um fen\u00f4meno no Brasil, e n\u00e3o se pode atribuir isso a um candidato\u201d, relatou o advogado da candidatura de Jair Bolsonaro, Tiago Ayres.<\/p>\n<p>Sobre as not\u00edcias falsas, o advogado da candidatura de Jair Bolsonaro acrescentou que o tema preocupa o pol\u00edtico e sua campanha, que tamb\u00e9m estariam sendo alvos de mensagens deste tipo. Ele citou como exemplo as mensagens atribuindo ao deputado voto contra a Lei Brasileira de Inclus\u00e3o, suspensas pelo TSE ap\u00f3s questionamento da candidatura.<\/p>\n<p>O coordenador da campanha de Fernando Haddad, Em\u00eddio Souza, informou que os representantes da candidatura pediram provid\u00eancias do TSE e de \u00f3rg\u00e3os como a Pol\u00edcia Federal em rela\u00e7\u00e3o \u00e0 dissemina\u00e7\u00e3o de not\u00edcias falsas sobre o candidato do PT e da onda de viol\u00eancia que atribuiu aos apoiadores de Jair Bolsonaro.<\/p>\n<p>\u201cA dissemina\u00e7\u00e3o de fake news, desta forma, deforma a democracia, altera o resultado eleitoral. N\u00e3o \u00e9 poss\u00edvel que a Justi\u00e7a assista impass\u00edvel tamanha agress\u00e3o \u00e0 democracia\u201d, pontuou o coordenador. Sobre os atos de viol\u00eancia, Souza informou que solicitou um pronunciamento da presidente do TSE em defesa do bom senso. \u201cN\u00e3o \u00e9 poss\u00edvel tamanha agressividade nesta campanha\u201d. N\u00e3o houve resposta sobre o pleito, segundo ele.<\/p>\n<h3>Fen\u00f4meno eleitoral<\/h3>\n<p>O fen\u00f4meno das not\u00edcias falsas vem marcando as elei\u00e7\u00f5es deste ano. A miss\u00e3o internacional da Organiza\u00e7\u00e3o dos Estados Americanos (OEA) manifestou preocupa\u00e7\u00e3o com o fen\u00f4meno da desinforma\u00e7\u00e3o durante o 1\u00ba turno e elogiou a seguran\u00e7a das urnas. No balan\u00e7o da vota\u00e7\u00e3o do 1\u00ba turno, a presidente do TSE, ministra Rosa Weber, tamb\u00e9m alertou para o problema, em especial, v\u00eddeos e mensagens colocando em d\u00favida a lisura do processo eleitoral.<\/p>\n<p>Nos \u00faltimos dias, o TSE mandou retirar publica\u00e7\u00f5es falsas contra a candidatura de Haddad tratando da distribui\u00e7\u00e3o do que passou a ser chamado de kit gay. Na segunda (15), nova decis\u00e3o ordenou a retirada de v\u00eddeos relacionando a candidata a vice, Manuela d\u2019\u00c1vila \u00e0 hipersexualiza\u00e7\u00e3o de crian\u00e7as. Ontem, o ministro S\u00e9rgio Banhos barrou propaganda contra Bolsonaro segundo a qual o candidato do PSL teria votado contra a Lei Brasileira de Inclus\u00e3o (LBI).<\/p>\n<h3>WhatsApp<\/h3>\n<p>A rede social WhatsApp tem sido o foco de maior preocupa\u00e7\u00e3o. Estudo divulgado hoje por professores da Universidade de S\u00e3o Paulo (USP) e Universidade Federal de Minas Gerais (UFMG) e integrantes da Ag\u00eancia Lupa que acompanhou 347 grupos na plataforma encontrou entre as imagens mais compartilhadas um \u00edndice de apenas 8% de car\u00e1ter verdadeiro.<\/p>\n<p>Ontem, o conselho consultivo do TSE para not\u00edcias falsas realizou reuni\u00e3o \u00e0 dist\u00e2ncia com representantes da plataforma de troca de mensagens WhatsApp. O objetivo foi discutir formas de garantir o alcance de respostas diante da divulga\u00e7\u00e3o de not\u00edcias falsas dentro da rede social.<\/p>\n<p>A videoconfer\u00eancia foi uma provid\u00eancia decidida em reuni\u00e3o realizada na semana passada. Integrantes do colegiado manifestaram receios em rela\u00e7\u00e3o \u00e0 dissemina\u00e7\u00e3o de not\u00edcias falsas na plataforma, especialmente mensagens e v\u00eddeos colocando em d\u00favida a lisura do processo eleitoral e apontando supostas fraudes nas urnas.<\/p>\n<p>Uma das preocupa\u00e7\u00f5es manifestadas por integrantes do \u00f3rg\u00e3o ap\u00f3s o encontro foi como encontrar meios para garantir que desmentidos e direitos de resposta alcan\u00e7assem no WhatsApp usu\u00e1rios atingidos pelas mensagens iniciais, objetivo que \u00e9 conseguido em redes como Facebook e Twitter.<\/p>\n<p>Segundo o vice-procurador eleitoral, Humberto Jacques de Medeiros, o WhatsApp se prop\u00f4s a disponibilizar ferramentas ao TSE j\u00e1 adotadas por ag\u00eancias de checagem de conte\u00fados enganosos e fabricados. Mas o vice-procurador n\u00e3o detalhou que sistemas poder\u00e3o ser aplicados e qual a serventia deles.<\/p>\n<p>De acordo com Jacques de Medeiros, os representantes da plataforma relataram encontrar \u201cdificuldades\u201d para aplicar a metodologia de outras redes sociais, como mecanismos de checagem de fatos (como no Facebook e no Google) e possibilidades de veicula\u00e7\u00e3o de direito de resposta aos mesmos usu\u00e1rios alcan\u00e7ado pelas mensagens originais consideradas falsas. O WhatsApp estaria \u201caqu\u00e9m disso\u201d, nas palavras do procurador.<\/p>\n<p><em>Fonte: Ag\u00eancia Brasil<\/em><\/p>\n","protected":false},"excerpt":{"rendered":"<p>A ministra do Tribunal Superior Eleitoral (TSE), ministra Rosa Weber, se reuniu nessa quarta-feira, 17, com representantes das candidaturas de Fernando Haddad (PT) e Jair Bolsonaro (PSL) para discutir a difus\u00e3o massiva de not\u00edcias falsas e a onda de viol\u00eancia durante as elei\u00e7\u00f5es. O tribunal vem colocando preocupa\u00e7\u00f5es com a dissemina\u00e7\u00e3o de conte\u00fados colocando em [&hellip;]<\/p>\n","protected":false},"author":96,"featured_media":0,"comment_status":"closed","ping_status":"closed","sticky":false,"template":"","format":"standard","meta":{"footnotes":""},"categories":[436,440,254,439],"tags":[],"class_list":["post-123046","post","type-post","status-publish","format-standard","hentry","category-destaque-da-semana","category-destaques-do-dia","category-politica","category-ultima-hora"],"_links":{"self":[{"href":"https:\/\/diarioregionaldigital.com.br\/index.php?rest_route=\/wp\/v2\/posts\/123046","targetHints":{"allow":["GET"]}}],"collection":[{"href":"https:\/\/diarioregionaldigital.com.br\/index.php?rest_route=\/wp\/v2\/posts"}],"about":[{"href":"https:\/\/diarioregionaldigital.com.br\/index.php?rest_route=\/wp\/v2\/types\/post"}],"author":[{"embeddable":true,"href":"https:\/\/diarioregionaldigital.com.br\/index.php?rest_route=\/wp\/v2\/users\/96"}],"replies":[{"embeddable":true,"href":"https:\/\/diarioregionaldigital.com.br\/index.php?rest_route=%2Fwp%2Fv2%2Fcomments&post=123046"}],"version-history":[{"count":0,"href":"https:\/\/diarioregionaldigital.com.br\/index.php?rest_route=\/wp\/v2\/posts\/123046\/revisions"}],"wp:attachment":[{"href":"https:\/\/diarioregionaldigital.com.br\/index.php?rest_route=%2Fwp%2Fv2%2Fmedia&parent=123046"}],"wp:term":[{"taxonomy":"category","embeddable":true,"href":"https:\/\/diarioregionaldigital.com.br\/index.php?rest_route=%2Fwp%2Fv2%2Fcategories&post=123046"},{"taxonomy":"post_tag","embeddable":true,"href":"https:\/\/diarioregionaldigital.com.br\/index.php?rest_route=%2Fwp%2Fv2%2Ftags&post=123046"}],"curies":[{"name":"wp","href":"https:\/\/api.w.org\/{rel}","templated":true}]}}