{"id":123038,"date":"2018-10-18T08:15:20","date_gmt":"2018-10-18T11:15:20","guid":{"rendered":"https:\/\/diarioregionaldigital.com.br\/?p=123038"},"modified":"2018-10-18T08:15:20","modified_gmt":"2018-10-18T11:15:20","slug":"jovem-de-22-anos-e-preso-por-trafico-de-drogas","status":"publish","type":"post","link":"https:\/\/diarioregionaldigital.com.br\/?p=123038","title":{"rendered":"Jovem de 22 anos \u00e9 preso por tr\u00e1fico de drogas"},"content":{"rendered":"<p>Um patrulhamento policial terminou em pris\u00e3o no bairro Miguel Marinho, na zona Norte de Juiz de Fora, nessa quarta-feira, 17. Uma viatura da Pol\u00edcia Militar (PM) passava pela Rua Iolanda Falce Ronzani, por volta das 21h30, quando encontrou um jovem em atitude suspeita. Ao perceber a presen\u00e7a dos policiais, o rapaz tentou fugir, mas foi abordado pela PM. Com ele, foi encontrado uma barra de maconha.<\/p>\n<p>Ele ainda confessou que teria mais por\u00e7\u00f5es da droga na resid\u00eancia onde mora. Os agentes foram at\u00e9 l\u00e1 e encontraram mais tr\u00eas barras prensadas de maconha, al\u00e9m de uma balan\u00e7a de precis\u00e3o e uma faca usada para fracionamento de entorpecentes.<\/p>\n<p>O jovem, que tem 22 anos, foi preso e encaminhado para a delegacia.<\/p>\n","protected":false},"excerpt":{"rendered":"<p>Um patrulhamento policial terminou em pris\u00e3o no bairro Miguel Marinho, na zona Norte de Juiz de Fora, nessa quarta-feira, 17. Uma viatura da Pol\u00edcia Militar (PM) passava pela Rua Iolanda Falce Ronzani, por volta das 21h30, quando encontrou um jovem em atitude suspeita. Ao perceber a presen\u00e7a dos policiais, o rapaz tentou fugir, mas foi [&hellip;]<\/p>\n","protected":false},"author":96,"featured_media":95836,"comment_status":"closed","ping_status":"closed","sticky":false,"template":"","format":"standard","meta":{"footnotes":""},"categories":[301],"tags":[],"class_list":["post-123038","post","type-post","status-publish","format-standard","has-post-thumbnail","hentry","category-artigos-policiais"],"_links":{"self":[{"href":"https:\/\/diarioregionaldigital.com.br\/index.php?rest_route=\/wp\/v2\/posts\/123038","targetHints":{"allow":["GET"]}}],"collection":[{"href":"https:\/\/diarioregionaldigital.com.br\/index.php?rest_route=\/wp\/v2\/posts"}],"about":[{"href":"https:\/\/diarioregionaldigital.com.br\/index.php?rest_route=\/wp\/v2\/types\/post"}],"author":[{"embeddable":true,"href":"https:\/\/diarioregionaldigital.com.br\/index.php?rest_route=\/wp\/v2\/users\/96"}],"replies":[{"embeddable":true,"href":"https:\/\/diarioregionaldigital.com.br\/index.php?rest_route=%2Fwp%2Fv2%2Fcomments&post=123038"}],"version-history":[{"count":0,"href":"https:\/\/diarioregionaldigital.com.br\/index.php?rest_route=\/wp\/v2\/posts\/123038\/revisions"}],"wp:featuredmedia":[{"embeddable":true,"href":"https:\/\/diarioregionaldigital.com.br\/index.php?rest_route=\/wp\/v2\/media\/95836"}],"wp:attachment":[{"href":"https:\/\/diarioregionaldigital.com.br\/index.php?rest_route=%2Fwp%2Fv2%2Fmedia&parent=123038"}],"wp:term":[{"taxonomy":"category","embeddable":true,"href":"https:\/\/diarioregionaldigital.com.br\/index.php?rest_route=%2Fwp%2Fv2%2Fcategories&post=123038"},{"taxonomy":"post_tag","embeddable":true,"href":"https:\/\/diarioregionaldigital.com.br\/index.php?rest_route=%2Fwp%2Fv2%2Ftags&post=123038"}],"curies":[{"name":"wp","href":"https:\/\/api.w.org\/{rel}","templated":true}]}}