{"id":123033,"date":"2018-10-18T08:05:31","date_gmt":"2018-10-18T11:05:31","guid":{"rendered":"https:\/\/diarioregionaldigital.com.br\/?p=123033"},"modified":"2018-10-18T08:08:47","modified_gmt":"2018-10-18T11:08:47","slug":"mulher-sofre-tentativa-de-assalto-no-bairro-sao-mateus","status":"publish","type":"post","link":"https:\/\/diarioregionaldigital.com.br\/?p=123033","title":{"rendered":"Mulher sofre tentativa de assalto no bairro S\u00e3o Mateus"},"content":{"rendered":"<p>Uma mulher, de 34 anos, foi v\u00edtima de uma tentativa de assalto na Rua S\u00e3o Mateus, esquina com a Monsenhor Gustavo Freire, no bairro S\u00e3o Mateus, zona Sul de Juiz de Fora, nessa quarta-feira, 17. Ela passava pelo local, por volta das 5h, quando foi abordada por um homem que roubou o celular dela.<\/p>\n<p>Uma das pessoas que estavam no local no momento do crime perseguiu o assaltante e conseguiu det\u00ea-lo at\u00e9 a chegada da Pol\u00edcia Militar. O autor, que tem 25 anos, foi preso e encaminha para a delegacia. O celular foi recuperado e devolvido \u00e0 propriet\u00e1ria.<\/p>\n<p>&nbsp;<\/p>\n","protected":false},"excerpt":{"rendered":"<p>Uma mulher, de 34 anos, foi v\u00edtima de uma tentativa de assalto na Rua S\u00e3o Mateus, esquina com a Monsenhor Gustavo Freire, no bairro S\u00e3o Mateus, zona Sul de Juiz de Fora, nessa quarta-feira, 17. Ela passava pelo local, por volta das 5h, quando foi abordada por um homem que roubou o celular dela. Uma [&hellip;]<\/p>\n","protected":false},"author":96,"featured_media":95836,"comment_status":"closed","ping_status":"closed","sticky":false,"template":"","format":"standard","meta":{"footnotes":""},"categories":[301],"tags":[],"class_list":["post-123033","post","type-post","status-publish","format-standard","has-post-thumbnail","hentry","category-artigos-policiais"],"_links":{"self":[{"href":"https:\/\/diarioregionaldigital.com.br\/index.php?rest_route=\/wp\/v2\/posts\/123033","targetHints":{"allow":["GET"]}}],"collection":[{"href":"https:\/\/diarioregionaldigital.com.br\/index.php?rest_route=\/wp\/v2\/posts"}],"about":[{"href":"https:\/\/diarioregionaldigital.com.br\/index.php?rest_route=\/wp\/v2\/types\/post"}],"author":[{"embeddable":true,"href":"https:\/\/diarioregionaldigital.com.br\/index.php?rest_route=\/wp\/v2\/users\/96"}],"replies":[{"embeddable":true,"href":"https:\/\/diarioregionaldigital.com.br\/index.php?rest_route=%2Fwp%2Fv2%2Fcomments&post=123033"}],"version-history":[{"count":0,"href":"https:\/\/diarioregionaldigital.com.br\/index.php?rest_route=\/wp\/v2\/posts\/123033\/revisions"}],"wp:featuredmedia":[{"embeddable":true,"href":"https:\/\/diarioregionaldigital.com.br\/index.php?rest_route=\/wp\/v2\/media\/95836"}],"wp:attachment":[{"href":"https:\/\/diarioregionaldigital.com.br\/index.php?rest_route=%2Fwp%2Fv2%2Fmedia&parent=123033"}],"wp:term":[{"taxonomy":"category","embeddable":true,"href":"https:\/\/diarioregionaldigital.com.br\/index.php?rest_route=%2Fwp%2Fv2%2Fcategories&post=123033"},{"taxonomy":"post_tag","embeddable":true,"href":"https:\/\/diarioregionaldigital.com.br\/index.php?rest_route=%2Fwp%2Fv2%2Ftags&post=123033"}],"curies":[{"name":"wp","href":"https:\/\/api.w.org\/{rel}","templated":true}]}}