{"id":123015,"date":"2018-10-18T06:00:33","date_gmt":"2018-10-18T09:00:33","guid":{"rendered":"https:\/\/diarioregionaldigital.com.br\/?p=123015"},"modified":"2018-10-17T19:51:25","modified_gmt":"2018-10-17T22:51:25","slug":"prefeitura-municipal-de-coronel-pacheco-18-10-18","status":"publish","type":"post","link":"https:\/\/diarioregionaldigital.com.br\/?p=123015","title":{"rendered":"Prefeitura Municipal de Coronel Pacheco &#8211; 18\/10\/18"},"content":{"rendered":"<p style=\"text-align: center;\"><strong>AVISO DE LICITA\u00c7\u00c3O<\/strong><\/p>\n<p style=\"text-align: center;\"><strong>CONCORR\u00caNCIA PUBLICA 001\/2018<\/strong><\/p>\n<p style=\"text-align: center;\">O Munic\u00edpio de Coronel Pacheco, por interm\u00e9dio da Comiss\u00e3o Permanente de Licita\u00e7\u00e3o, torna p\u00fablica a realiza\u00e7\u00e3o de LICITA\u00c7\u00c3O no dia e hor\u00e1rio abaixo relacionados:<\/p>\n<p style=\"text-align: left;\"><strong>OBJETO: <\/strong>A PRESENTE LICITA\u00c7\u00c3O TEM COMO OBJETO \u00c0 SELE\u00c7\u00c3O DE PESSOAS F\u00cdSICAS, QUE RECEBER\u00c3O A DELEGA\u00c7\u00c3O, ATRAV\u00c9S DE CONTRATO DE PERMISS\u00c3O PELO PRAZO FIXADO EM LEI MUNICIPAL, PARA EXECU\u00c7\u00c3O DO SERVI\u00c7O P\u00daBLICO DE TRANSPORTE INDIVIDUAL DE PASSAGEIROS EM AUTOM\u00d3VEL DE ALUGUEL \u2013 TAXI, NO MUNIC\u00cdPIO DE CORONEL PACHECO-MG, POR SUA CONTA E RISCO.<\/p>\n<p style=\"text-align: left;\"><strong>TIPO:<\/strong> MAIOR PRE\u00c7O OFERTADO<\/p>\n<p style=\"text-align: left;\"><strong>ABERTURA DOS ENVELOPES:<\/strong> 19 de novembro de 2018<\/p>\n<p style=\"text-align: left;\"><strong>HOR\u00c1RIO:<\/strong> 10:00h<\/p>\n<p style=\"text-align: center;\">Os interessados poder\u00e3o obter maiores informa\u00e7\u00f5es no setor de licita\u00e7\u00f5es da Prefeitura Municipal de Coronel Pacheco, com sede na Pra\u00e7a Carlos Chagas sn\u00ba , Centro tel: (32) 3258 1112.<\/p>\n<p style=\"text-align: center;\"><strong>\u00a0Dener Henrique da Costa<\/strong><\/p>\n<p style=\"text-align: center;\"><strong>\u00a0Presidente da Comiss\u00e3o de Licita\u00e7\u00e3o<\/strong><\/p>\n","protected":false},"excerpt":{"rendered":"<p>AVISO DE LICITA\u00c7\u00c3O CONCORR\u00caNCIA PUBLICA 001\/2018 O Munic\u00edpio de Coronel Pacheco, por interm\u00e9dio da Comiss\u00e3o Permanente de Licita\u00e7\u00e3o, torna p\u00fablica a realiza\u00e7\u00e3o de LICITA\u00c7\u00c3O no dia e hor\u00e1rio abaixo relacionados: OBJETO: A PRESENTE LICITA\u00c7\u00c3O TEM COMO OBJETO \u00c0 SELE\u00c7\u00c3O DE PESSOAS F\u00cdSICAS, QUE RECEBER\u00c3O A DELEGA\u00c7\u00c3O, ATRAV\u00c9S DE CONTRATO DE PERMISS\u00c3O PELO PRAZO FIXADO EM [&hellip;]<\/p>\n","protected":false},"author":96,"featured_media":0,"comment_status":"closed","ping_status":"closed","sticky":false,"template":"","format":"standard","meta":{"footnotes":""},"categories":[307],"tags":[],"class_list":["post-123015","post","type-post","status-publish","format-standard","hentry","category-editais"],"_links":{"self":[{"href":"https:\/\/diarioregionaldigital.com.br\/index.php?rest_route=\/wp\/v2\/posts\/123015","targetHints":{"allow":["GET"]}}],"collection":[{"href":"https:\/\/diarioregionaldigital.com.br\/index.php?rest_route=\/wp\/v2\/posts"}],"about":[{"href":"https:\/\/diarioregionaldigital.com.br\/index.php?rest_route=\/wp\/v2\/types\/post"}],"author":[{"embeddable":true,"href":"https:\/\/diarioregionaldigital.com.br\/index.php?rest_route=\/wp\/v2\/users\/96"}],"replies":[{"embeddable":true,"href":"https:\/\/diarioregionaldigital.com.br\/index.php?rest_route=%2Fwp%2Fv2%2Fcomments&post=123015"}],"version-history":[{"count":0,"href":"https:\/\/diarioregionaldigital.com.br\/index.php?rest_route=\/wp\/v2\/posts\/123015\/revisions"}],"wp:attachment":[{"href":"https:\/\/diarioregionaldigital.com.br\/index.php?rest_route=%2Fwp%2Fv2%2Fmedia&parent=123015"}],"wp:term":[{"taxonomy":"category","embeddable":true,"href":"https:\/\/diarioregionaldigital.com.br\/index.php?rest_route=%2Fwp%2Fv2%2Fcategories&post=123015"},{"taxonomy":"post_tag","embeddable":true,"href":"https:\/\/diarioregionaldigital.com.br\/index.php?rest_route=%2Fwp%2Fv2%2Ftags&post=123015"}],"curies":[{"name":"wp","href":"https:\/\/api.w.org\/{rel}","templated":true}]}}