{"id":123008,"date":"2018-10-18T06:00:27","date_gmt":"2018-10-18T09:00:27","guid":{"rendered":"https:\/\/diarioregionaldigital.com.br\/?p=123008"},"modified":"2018-10-18T09:39:36","modified_gmt":"2018-10-18T12:39:36","slug":"numero-de-caso-de-sifilis-no-municipio-e-preocupante","status":"publish","type":"post","link":"https:\/\/diarioregionaldigital.com.br\/?p=123008","title":{"rendered":"N\u00famero de caso de S\u00edfilis no munic\u00edpio \u00e9 preocupante"},"content":{"rendered":"<p>Come\u00e7a com um machucado. \u00c9 indolor. Quando aparece na \u00e1rea genital, fica mais evidente entre os homens, mas pode ficar escondido dentro da vagina da mulher, sem chamar a aten\u00e7\u00e3o. H\u00e1 ainda outros casos em outras partes do corpo. Aos poucos ela some, mas n\u00e3o se engane, pois o problema s\u00f3 est\u00e1 come\u00e7ando. Isso \u00e9 S\u00edfilis e precisamos falar sobre essa doen\u00e7a.<\/p>\n<p>Trepanema pallidum ou s\u00edfilis \u00e9 uma infec\u00e7\u00e3o bacteriana cur\u00e1vel e exclusiva do ser humano, que tem tratamento pelo Sistema \u00danico de Sa\u00fade (SUS) garantido. Seu cont\u00e1gio \u00e9 atrav\u00e9s do contato sexual, durante uma rela\u00e7\u00e3o sexual (anal, vaginal e ou oral) ou atrav\u00e9s da transfus\u00e3o sangu\u00ednea rara, mesmo com a triagem rigorosa das bolsas de sangue.<\/p>\n<p>Se n\u00e3o tratada a tempo, essa doen\u00e7a pode comprometer o sistema nervoso central, o sistema cardiovascular, al\u00e9m de \u00f3rg\u00e3os como olhos, pele e osso.<\/p>\n<p>De acordo com a Organiza\u00e7\u00e3o Mundial de Sa\u00fade (OMS), estima-se que 12 milh\u00f5es de novos casos s\u00e3o diagnosticados no mundo a cada ano. No Brasil, a Infec\u00e7\u00e3o Sexualmente Transmiss\u00edvel (IST) surge em 937.000 novos casos por ano, tendo uma preval\u00eancia nas mulheres gr\u00e1vidas de 2,6%, correspondendo a quase 50 mil gestantes com s\u00edfilis e 12 mil casos s\u00e3o de s\u00edfilis cong\u00eanita (quando a doen\u00e7a \u00e9 transmitida da m\u00e3e para o beb\u00ea).<\/p>\n<p>Apesar de Minas Gerais ser o estado do Sudeste com menor n\u00famero de casos dessa enfermidade, um Boletim Epidemiol\u00f3gico de S\u00edfilis que foi divulgado pelo Departamento de Vigil\u00e2ncia Epidemiol\u00f3gica e Ambiental da Subsecretaria de Vigil\u00e2ncia em Sa\u00fade da Secretaria de Sa\u00fade de Juiz de Fora, neste ano, surpreendeu a todos sobre o \u00edndice de s\u00edfilis registrado no munic\u00edpio, tendo uma preocupa\u00e7\u00e3o maior com as gestantes.<\/p>\n<p>Segundo o boletim, de 2012 a 2017, foram registrados 810 casos de s\u00edfilis em adultos na cidade, nos quais mais de 50% ocorreram no ano anterior. O crescimento de casos de 2016 para 2017 tamb\u00e9m mostra o tamanho do problema. O aumento foi de mais de 100%, sendo que em 2016 foram registrados 199 casos, j\u00e1 em 2017 o n\u00famero saltou para 447.<\/p>\n<p>Para a Gerente do Departamento de Vigil\u00e2ncia Epidemiol\u00f3gica e Ambiental, Cec\u00edlia Kosmann, o di\u00e1logo e a informa\u00e7\u00e3o devem ser priorizados como forma de combate \u00e0 doen\u00e7a. Nesta semana, por exemplo, foi feito um semin\u00e1rio para tratar do assunto com servidores e tentar voltar a alertar a popula\u00e7\u00e3o sobre os perigos.<\/p>\n<p>A gerente do departamento ainda diz que outras a\u00e7\u00f5es est\u00e3o sendo tomadas para que o assunto ganhe maior propor\u00e7\u00e3o. \u201cN\u00f3s estamos querendo fazer um workshop com aten\u00e7\u00e3o prim\u00e1ria, explicando para as pessoas sobre o assunto, at\u00e9 por que n\u00e3o \u00e9 uma quest\u00e3o s\u00f3 de Juiz de Fora, mas sim mundial\u201d. Outro objetivo \u00e9 capacitar todas as Unidades B\u00e1sicas de Sa\u00fade (UBSs) do munic\u00edpio a terem o teste r\u00e1pido de s\u00edfilis, que atualmente acontece no Servi\u00e7o de Assist\u00eancia Especializada (SAE), na Vigil\u00e2ncia em Sa\u00fade, gratuitamente. O tratamento \u00e9 feito em todos os hospitais da cidade.<\/p>\n<h3>Sintomas<\/h3>\n<p>Existem quatro n\u00edveis da doen\u00e7a: a s\u00edfilis prim\u00e1ria \u00e9 quando a ferida geralmente \u00e9 \u00fanica, aparecendo entre os 10 a 90 dias ap\u00f3s o cont\u00e1gio. N\u00e3o d\u00f3i, n\u00e3o co\u00e7a, n\u00e3o arde e n\u00e3o tem pus. J\u00e1 a s\u00edfilis secund\u00e1ria, os sinais e sintomas costumam aparecer entre seis semanas e seis meses do aparecimento e cicatriza\u00e7\u00e3o da ferida inicial, podendo surgir manchas no corpo, febre, mal-estar e \u00ednguas pelo corpo.<\/p>\n<p>Quando a doen\u00e7a est\u00e1 em um n\u00edvel latente, o paciente n\u00e3o apresenta sinais ou sintomas, podendo ser recente (menos de dois anos de infec\u00e7\u00e3o) ou tardia (mais de dois anos de infec\u00e7\u00e3o). Por \u00faltimo, temos a s\u00edfilis terci\u00e1ria, que costuma apresentar les\u00f5es cut\u00e2neas, \u00f3sseas, cardiovasculares e neurol\u00f3gicas, podendo levar \u00e0 morte.<\/p>\n<h3><strong>Como proceder? <\/strong><\/h3>\n<p>O diagn\u00f3stico \u00e9 feito atrav\u00e9s de um teste r\u00e1pido (TR). Em casos de TR positivo, uma amostra de sangue dever\u00e1 ser coletada e encaminhada para realiza\u00e7\u00e3o de um teste laboratorial para confirma\u00e7\u00e3o do diagn\u00f3stico.<\/p>\n<p>J\u00e1 as gestantes que forem diagnosticas, o tratamento \u00e9 iniciado com apenas o primeiro teste, sem precisar aguardar passar pelo segundo, devido ao risco de transmiss\u00e3o da doen\u00e7a para o feto.<\/p>\n<p>Cec\u00edlia destaca que a maior forma de preven\u00e7\u00e3o \u00e9 o uso de preservativo, em todas as idades, desde os mais jovens at\u00e9 os mais velhos. Ela ainda ressalta que muitas perderam o medo das doen\u00e7as, pelo fato da medicina ter avan\u00e7ado. \u201cExiste uma neglig\u00eancia do uso dos preservativos, n\u00e3o s\u00f3 por causa dos n\u00fameros de casos de s\u00edfilis, mas tamb\u00e9m por causa de outras doen\u00e7as que s\u00e3o sexualmente transmiss\u00edveis, como o HIV. Ent\u00e3o essas enfermidades s\u00e3o prevenidas sim, e a melhor forma de evitar esse sofrimento \u00e9 usando a camisinha, seja ela masculina, ou feminina\u201d, pontuou.<\/p>\n","protected":false},"excerpt":{"rendered":"<p>Come\u00e7a com um machucado. \u00c9 indolor. Quando aparece na \u00e1rea genital, fica mais evidente entre os homens, mas pode ficar escondido dentro da vagina da mulher, sem chamar a aten\u00e7\u00e3o. H\u00e1 ainda outros casos em outras partes do corpo. Aos poucos ela some, mas n\u00e3o se engane, pois o problema s\u00f3 est\u00e1 come\u00e7ando. Isso \u00e9 [&hellip;]<\/p>\n","protected":false},"author":96,"featured_media":123009,"comment_status":"closed","ping_status":"closed","sticky":false,"template":"","format":"standard","meta":{"footnotes":""},"categories":[253,436,440,439],"tags":[],"class_list":["post-123008","post","type-post","status-publish","format-standard","has-post-thumbnail","hentry","category-cidade","category-destaque-da-semana","category-destaques-do-dia","category-ultima-hora"],"_links":{"self":[{"href":"https:\/\/diarioregionaldigital.com.br\/index.php?rest_route=\/wp\/v2\/posts\/123008","targetHints":{"allow":["GET"]}}],"collection":[{"href":"https:\/\/diarioregionaldigital.com.br\/index.php?rest_route=\/wp\/v2\/posts"}],"about":[{"href":"https:\/\/diarioregionaldigital.com.br\/index.php?rest_route=\/wp\/v2\/types\/post"}],"author":[{"embeddable":true,"href":"https:\/\/diarioregionaldigital.com.br\/index.php?rest_route=\/wp\/v2\/users\/96"}],"replies":[{"embeddable":true,"href":"https:\/\/diarioregionaldigital.com.br\/index.php?rest_route=%2Fwp%2Fv2%2Fcomments&post=123008"}],"version-history":[{"count":0,"href":"https:\/\/diarioregionaldigital.com.br\/index.php?rest_route=\/wp\/v2\/posts\/123008\/revisions"}],"wp:featuredmedia":[{"embeddable":true,"href":"https:\/\/diarioregionaldigital.com.br\/index.php?rest_route=\/wp\/v2\/media\/123009"}],"wp:attachment":[{"href":"https:\/\/diarioregionaldigital.com.br\/index.php?rest_route=%2Fwp%2Fv2%2Fmedia&parent=123008"}],"wp:term":[{"taxonomy":"category","embeddable":true,"href":"https:\/\/diarioregionaldigital.com.br\/index.php?rest_route=%2Fwp%2Fv2%2Fcategories&post=123008"},{"taxonomy":"post_tag","embeddable":true,"href":"https:\/\/diarioregionaldigital.com.br\/index.php?rest_route=%2Fwp%2Fv2%2Ftags&post=123008"}],"curies":[{"name":"wp","href":"https:\/\/api.w.org\/{rel}","templated":true}]}}