{"id":122988,"date":"2018-10-17T16:30:33","date_gmt":"2018-10-17T19:30:33","guid":{"rendered":"https:\/\/diarioregionaldigital.com.br\/?p=122988"},"modified":"2018-10-17T16:30:33","modified_gmt":"2018-10-17T19:30:33","slug":"fusao-de-turmas-em-escola-especial-provoca-reacao","status":"publish","type":"post","link":"https:\/\/diarioregionaldigital.com.br\/?p=122988","title":{"rendered":"Fus\u00e3o de turmas em escola especial provoca rea\u00e7\u00e3o"},"content":{"rendered":"<p>Funcion\u00e1rios e pais de alunos com m\u00faltiplas defici\u00eancias solicitaram, nesta ter\u00e7a-feira, 16, o apoio da Assembleia Legislativa de Minas Gerais (ALMG) para evitar a\u00a0fus\u00e3o de turmas e um eventual fechamento da Escola Estadual Doutor Amaro Neves Barreto, uma escola especial que fica na regi\u00e3o do Barreiro, na Capital.<\/p>\n<p>O apelo foi feito durante reuni\u00e3o da Comiss\u00e3o de Defesa dos Direitos da Pessoa com Defici\u00eancia, presidida pelo deputado Duarte Bechir (PSD). De acordo com a diretora da escola,\u00a0 a Secretaria de Estado de Educa\u00e7\u00e3o lhe deu at\u00e9 o dia 22 de outubro deste ano para unificar cinco turmas de alunos especiais, com defici\u00eancias m\u00faltiplas e graves.<\/p>\n<div class=\"js_moveFoto noticias_multimidia_destacado hide left\">\n<div><span style=\"color: #565656; font-size: 15px;\">Tanto o deputado Duarte Bechir quanto funcion\u00e1rios da escola disseram temer que a redu\u00e7\u00e3o do n\u00famero de turmas seja uma forma de esvaziar a institui\u00e7\u00e3o e provocar seu fechamento, no futuro. \u201cJ\u00e1 fecharam duas escolas especiais em Belo Horizonte, a Iolanda e a Maria de Lourdes\u201d, afirmou a professora.<\/span><\/div>\n<\/div>\n<p>De acordo com a diretora, o argumento da Secretaria de Educa\u00e7\u00e3o para a fus\u00e3o de turmas \u00e9 o\u00a0n\u00famero reduzido de alunos, que est\u00e1 entre 10 e 14 estudantes.<\/p>\n<p>Ela afirmou, no entanto, que essa alega\u00e7\u00e3o ignora outras quest\u00f5es importantes, tais como o tamanho das salas de aula e, especialmente, a gravidade das defici\u00eancias dos alunos.<\/p>\n<p>\u201cH\u00e1\u00a0crian\u00e7as com defici\u00eancias severas, que se auto-flagelam, que precisam de um acompanhamento constante. E o pr\u00e9dio que ocupamos foi adaptado, as\u00a0salas s\u00e3o pequenas, sem ventila\u00e7\u00e3o e com pouca ilumina\u00e7\u00e3o\u201d, afirmou.<\/p>\n<p>A fam\u00edlia de um dos alunos chegou a retirar todos os dentes de uma das crian\u00e7as, para evitar que ela machucasse a si mesma. \u201cN\u00e3o h\u00e1 como colocar tantos alunos, nessas condi\u00e7\u00f5es, em um local t\u00e3o pequeno. H\u00e1 possibilidade de acidentes graves\u201d, alertou a diretora.<\/p>\n<p>V\u00edtima de uma enfermidade que provoca descalcifica\u00e7\u00e3o \u00f3ssea, a diretora teve dificuldades para frequentar a escola, quando crian\u00e7a. \u201cEu tinha o corpo inteiro coberto de gesso. Meu pai me levou \u00e0 escola em um carrinho, com uma prancha fixada na frente\u201d, lembrou a diretora.<\/p>\n<p><strong>Comiss\u00e3o visitar\u00e1 Secretaria de Educa\u00e7\u00e3o<\/strong><\/p>\n<p>Durante a reuni\u00e3o, foi aprovado um requerimento de autoria do deputado Duarte Bechir para que seja realizada uma visita \u00e0 Secretaria de Estado de Educa\u00e7\u00e3o. Representantes de familiares de alunos e de funcion\u00e1rios participariam da visita. O objetivo \u00e9 debater a poss\u00edvel unifica\u00e7\u00e3o de turmas na escola.<\/p>\n<p>O deputado Duarte Bechir afirmou que a Escola Estadual Doutor Amaro Neves Barreto funciona em um pr\u00e9dio que pertenceu \u00e0 antiga Funda\u00e7\u00e3o Estadual do Bem Estar do Menor (Febem) e por isso as condi\u00e7\u00f5es est\u00e3o longe de ser ideais. \u201cMas a escola funciona, gra\u00e7as ao esfor\u00e7o dos funcion\u00e1rios\u201d, complementou. H\u00e1 anos esses funcion\u00e1rios cobram a constru\u00e7\u00e3o de um im\u00f3vel com melhores condi\u00e7\u00f5es de trabalho.<\/p>\n<p>A ex-diretora, hoje aposentada, afirmou que a Escola Doutor Amaro Neves Barreto \u00e9 a \u00fanica escola especial do Estado que atende alunos com defici\u00eancias m\u00faltiplas: mental, visual, f\u00edsica, auditiva. Seu fechamento agravaria uma situa\u00e7\u00e3o que j\u00e1 estaria acontecendo: fam\u00edlias que ret\u00e9m seus filhos em casa por n\u00e3o terem onde matricul\u00e1-los.<\/p>\n<p>\u201cA meninada est\u00e1 guardada em casa\u201d, lamentou. De acordo com ela, \u00e9 a terceira vez que tentam fechar a Escola Amaro Neves.<\/p>\n<p>Duarte Bechir advertiu que a pol\u00edtica de transferir alunos especiais para a rede convencional de ensino n\u00e3o pode ser uma estrat\u00e9gia de esvaziamento do ensino especial. \u201cO Instituto S\u00e3o Rafael tem hoje cinco alunos novos. Um pr\u00e9dio daquele tamanho. Mas h\u00e1 demanda. S\u00f3 que o Estado n\u00e3o permite a matr\u00edcula\u201d, afirmou o parlamentar.<\/p>\n<p>Representante da Comiss\u00e3o de Defesa da Pessoa com Defici\u00eancia da Ordem dos Advogados do Brasil (OAB), o advogado Thiago Helton Ribeiro afirmou que o Estado precisa reconhecer a fun\u00e7\u00e3o social da educa\u00e7\u00e3o especial, que \u00e9 garantir o direito \u00e0 educa\u00e7\u00e3o dos alunos com defici\u00eancia. Ele afirmou que a comiss\u00e3o da OAB est\u00e1 \u00e0 disposi\u00e7\u00e3o dos familiares dos alunos.<\/p>\n<p>&nbsp;<\/p>\n<p>Fonte: Assessoria\/ ALMG<\/p>\n<p>&nbsp;<\/p>\n","protected":false},"excerpt":{"rendered":"<p>Funcion\u00e1rios e pais de alunos com m\u00faltiplas defici\u00eancias solicitaram, nesta ter\u00e7a-feira, 16, o apoio da Assembleia Legislativa de Minas Gerais (ALMG) para evitar a\u00a0fus\u00e3o de turmas e um eventual fechamento da Escola Estadual Doutor Amaro Neves Barreto, uma escola especial que fica na regi\u00e3o do Barreiro, na Capital. O apelo foi feito durante reuni\u00e3o da [&hellip;]<\/p>\n","protected":false},"author":96,"featured_media":122989,"comment_status":"closed","ping_status":"closed","sticky":false,"template":"","format":"standard","meta":{"footnotes":""},"categories":[436,254,439],"tags":[],"class_list":["post-122988","post","type-post","status-publish","format-standard","has-post-thumbnail","hentry","category-destaque-da-semana","category-politica","category-ultima-hora"],"_links":{"self":[{"href":"https:\/\/diarioregionaldigital.com.br\/index.php?rest_route=\/wp\/v2\/posts\/122988","targetHints":{"allow":["GET"]}}],"collection":[{"href":"https:\/\/diarioregionaldigital.com.br\/index.php?rest_route=\/wp\/v2\/posts"}],"about":[{"href":"https:\/\/diarioregionaldigital.com.br\/index.php?rest_route=\/wp\/v2\/types\/post"}],"author":[{"embeddable":true,"href":"https:\/\/diarioregionaldigital.com.br\/index.php?rest_route=\/wp\/v2\/users\/96"}],"replies":[{"embeddable":true,"href":"https:\/\/diarioregionaldigital.com.br\/index.php?rest_route=%2Fwp%2Fv2%2Fcomments&post=122988"}],"version-history":[{"count":0,"href":"https:\/\/diarioregionaldigital.com.br\/index.php?rest_route=\/wp\/v2\/posts\/122988\/revisions"}],"wp:featuredmedia":[{"embeddable":true,"href":"https:\/\/diarioregionaldigital.com.br\/index.php?rest_route=\/wp\/v2\/media\/122989"}],"wp:attachment":[{"href":"https:\/\/diarioregionaldigital.com.br\/index.php?rest_route=%2Fwp%2Fv2%2Fmedia&parent=122988"}],"wp:term":[{"taxonomy":"category","embeddable":true,"href":"https:\/\/diarioregionaldigital.com.br\/index.php?rest_route=%2Fwp%2Fv2%2Fcategories&post=122988"},{"taxonomy":"post_tag","embeddable":true,"href":"https:\/\/diarioregionaldigital.com.br\/index.php?rest_route=%2Fwp%2Fv2%2Ftags&post=122988"}],"curies":[{"name":"wp","href":"https:\/\/api.w.org\/{rel}","templated":true}]}}