{"id":122985,"date":"2018-10-17T16:12:22","date_gmt":"2018-10-17T19:12:22","guid":{"rendered":"https:\/\/diarioregionaldigital.com.br\/?p=122985"},"modified":"2018-10-17T16:12:22","modified_gmt":"2018-10-17T19:12:22","slug":"pesquisa-constata-que-so-8-de-imagens-sao-verdadeiras-em-grupos-de-whatsapp","status":"publish","type":"post","link":"https:\/\/diarioregionaldigital.com.br\/?p=122985","title":{"rendered":"Pesquisa constata que s\u00f3 8% de imagens s\u00e3o verdadeiras em grupos de WhatsApp"},"content":{"rendered":"<p>Um levantamento realizado pelos professores Pablo Ortellado (USP), Fabr\u00edcio Benvenuto (UFMG) e pela ag\u00eancia de checagem de fatos Lupa em 357 grupos de WhatsApp encontrou entre as imagens mais compartilhadas apenas 8% podendo ser classificadas como verdadeiras. O estudo buscou analisar o fen\u00f4meno da desinforma\u00e7\u00e3o e das mensagens falsas em grupos na plataforma, que vem sendo apontada como principal espa\u00e7o de dissemina\u00e7\u00e3o desse tipo de conte\u00fado.<\/p>\n<p>O estudo analisou conte\u00fados enviados entre os dias 16 de setembro de 7 de outubro, ou seja, em boa parte do 1\u00ba turno das elei\u00e7\u00f5es deste ano. A amostra trouxe 347 grupos monitorados pelo projeto Elei\u00e7\u00e3o sem Fake, da UFMG. Os resultados, portanto, n\u00e3o podem ser generalizados. Mas trazem ind\u00edcios importantes para a compreens\u00e3o deste fen\u00f4meno. Ao todo, eles reuniram mais de 18 mil usu\u00e1rios. No per\u00edodo, circularam 846 mil mensagens, entre textos, v\u00eddeos, imagens e links externos.<\/p>\n<p>Das 50 imagens mais compartilhadas nos grupos checadas pela ag\u00eancia Lupa, cosiderando foto e texto, apenas quatro foram consideradas verdadeiras (8%), entre elas uma de Bolsonaro em uma maca e outra do autor da facada no candidato, Ad\u00e9lio Bispo de Oliveira. Do total, oito (16%) eram falsas, como a montagem de Dilma com Che Guevara.<\/p>\n<p>Quatro (8%) foram consideradas insustent\u00e1veis, conceito da ag\u00eancia para conte\u00fados que n\u00e3o se baseiam em nenhum banco de dados p\u00fablico confi\u00e1vel, como fotos de Lula e FHC afirmando que os dois se reuniram para planejar assaltos a banco. Outras nove eram fotos reais, mas com alus\u00f5es a teorias da conspira\u00e7\u00e3o sem comprova\u00e7\u00e3o.<\/p>\n<p>Da amostra, sete fotos eram reais, mas tiradas de contexto, como um registro de A\u00e9cio Neves e Fidel Castro acompanhado da acusa\u00e7\u00e3o do pol\u00edtico tucano ter virado \u201caluno\u201d do dirigente cubano. Tr\u00eas imagens foram consideradas s\u00e1tiras, seis estavam associadas a textos de opini\u00e3o, o que a ag\u00eancia n\u00e3o checa, e tr\u00eas n\u00e3o foram examinadas por n\u00e3o ser poss\u00edvel aferir se a foto havia sido tirada no Brasil ou n\u00e3o. No total, 56% das imagens que mais circularam foram consideradas \u201cenganosas\u201d.<\/p>\n<p><strong>Caso BNDES<\/strong><\/p>\n<p>O levantamento dos professores e da Ag\u00eancia Lupa detalhou o caso das mensagens sobre supostos empr\u00e9stimos do Banco Nacional de Desenvolvimento Econ\u00f4mico e Social (BNDES) para obras fora do Brasil. De oito sobre o tema acompanhadas de fotos, apenas duas eram verdadeiras. Outras tr\u00eas traziam dados considerados \u201cexagerados\u201d e duas eram falsas, como a alega\u00e7\u00e3o de que o banco teria financiado um gasoduto em Montevid\u00e9u e o soterramento de uma ilha em Sarmiento, na Argentina.<\/p>\n<p><strong>Propostas<\/strong><\/p>\n<p>Os autores divulgaram propostas em artigos e em documento ao WhatsApp solicitando a redu\u00e7\u00e3o da possibilidade de encaminhamento de mensagens para, no m\u00e1ximo, cinco destinat\u00e1rios. Hoje, este limite \u00e9 de at\u00e9 20 pessoas ou grupos. Segundo o professor da USP Pablo Ortellado, o WhatsApp respondeu que tal medida seria invi\u00e1vel.<\/p>\n<p>\u201cN\u00f3s discordamos. Na \u00cdndia, ap\u00f3s uma s\u00e9rie de linchamentos causados por boatos difundidos no aplicativo, o WhatsApp conseguiu implementar mudan\u00e7as em poucos dias. Nossa situa\u00e7\u00e3o \u00e9 bastante grave. Estamos conclamando tamb\u00e9m o TSE e outras institui\u00e7\u00f5es com poder regulat\u00f3rio para agir\u201d, escreveu Ortellado, em texto em sua rede oficial sobre o relat\u00f3rio.<\/p>\n<p>&nbsp;<\/p>\n<p>Fonte: Ag\u00eancia Brasil<\/p>\n","protected":false},"excerpt":{"rendered":"<p>Um levantamento realizado pelos professores Pablo Ortellado (USP), Fabr\u00edcio Benvenuto (UFMG) e pela ag\u00eancia de checagem de fatos Lupa em 357 grupos de WhatsApp encontrou entre as imagens mais compartilhadas apenas 8% podendo ser classificadas como verdadeiras. O estudo buscou analisar o fen\u00f4meno da desinforma\u00e7\u00e3o e das mensagens falsas em grupos na plataforma, que vem [&hellip;]<\/p>\n","protected":false},"author":96,"featured_media":122986,"comment_status":"closed","ping_status":"closed","sticky":false,"template":"","format":"standard","meta":{"footnotes":""},"categories":[436,440,254,439],"tags":[],"class_list":["post-122985","post","type-post","status-publish","format-standard","has-post-thumbnail","hentry","category-destaque-da-semana","category-destaques-do-dia","category-politica","category-ultima-hora"],"_links":{"self":[{"href":"https:\/\/diarioregionaldigital.com.br\/index.php?rest_route=\/wp\/v2\/posts\/122985","targetHints":{"allow":["GET"]}}],"collection":[{"href":"https:\/\/diarioregionaldigital.com.br\/index.php?rest_route=\/wp\/v2\/posts"}],"about":[{"href":"https:\/\/diarioregionaldigital.com.br\/index.php?rest_route=\/wp\/v2\/types\/post"}],"author":[{"embeddable":true,"href":"https:\/\/diarioregionaldigital.com.br\/index.php?rest_route=\/wp\/v2\/users\/96"}],"replies":[{"embeddable":true,"href":"https:\/\/diarioregionaldigital.com.br\/index.php?rest_route=%2Fwp%2Fv2%2Fcomments&post=122985"}],"version-history":[{"count":0,"href":"https:\/\/diarioregionaldigital.com.br\/index.php?rest_route=\/wp\/v2\/posts\/122985\/revisions"}],"wp:featuredmedia":[{"embeddable":true,"href":"https:\/\/diarioregionaldigital.com.br\/index.php?rest_route=\/wp\/v2\/media\/122986"}],"wp:attachment":[{"href":"https:\/\/diarioregionaldigital.com.br\/index.php?rest_route=%2Fwp%2Fv2%2Fmedia&parent=122985"}],"wp:term":[{"taxonomy":"category","embeddable":true,"href":"https:\/\/diarioregionaldigital.com.br\/index.php?rest_route=%2Fwp%2Fv2%2Fcategories&post=122985"},{"taxonomy":"post_tag","embeddable":true,"href":"https:\/\/diarioregionaldigital.com.br\/index.php?rest_route=%2Fwp%2Fv2%2Ftags&post=122985"}],"curies":[{"name":"wp","href":"https:\/\/api.w.org\/{rel}","templated":true}]}}