{"id":122980,"date":"2018-10-17T16:08:47","date_gmt":"2018-10-17T19:08:47","guid":{"rendered":"https:\/\/diarioregionaldigital.com.br\/?p=122980"},"modified":"2018-10-17T16:09:05","modified_gmt":"2018-10-17T19:09:05","slug":"ubss-realizam-mutirao-do-outubro-rosa-no-proximo-sabado","status":"publish","type":"post","link":"https:\/\/diarioregionaldigital.com.br\/?p=122980","title":{"rendered":"UBSs realizam mutir\u00e3o do \u201cOutubro Rosa\u201d no pr\u00f3ximo s\u00e1bado"},"content":{"rendered":"<p>Dando continuidade \u00e0s a\u00e7\u00f5es realizadas dentro do \u201cOutubro Rosa\u201d, no pr\u00f3ximo s\u00e1bado, 20, mais tr\u00eas Unidades B\u00e1sicas de Sa\u00fade (UBSs) da Prefeitura de Juiz de Fora (PJF) abrir\u00e3o suas portas para oferecer atendimento especial \u00e0s mulheres que, por algum motivo, t\u00eam dificuldades de procurar o servi\u00e7o ao longo da semana.<\/p>\n<p>Como o tema da campanha desse ano \u00e9 \u201cTrabalhar o cuidado integral com a sa\u00fade da mulher\u201d, al\u00e9m dos exames preventivos e encaminhamento de mamografias em casos de indica\u00e7\u00e3o, as mulheres tamb\u00e9m receber\u00e3o orienta\u00e7\u00f5es diversas e individuais, dia de beleza e maquiagem, al\u00e9m de atividades l\u00fadicas, contribuindo tamb\u00e9m com a autoestima das usu\u00e1rias.<\/p>\n<p><b>Confira as UBSs que estar\u00e3o abertas:<\/b><\/p>\n<p>Jardim Natal<br \/>\nDas 8 \u00e0s 11 horas e das 13 \u00e0s 17 horas<br \/>\nMutir\u00e3o de preventivos e encaminhamento de mamografias, al\u00e9m de palestras sobre os temas envolvidos.<\/p>\n<p>Progresso<br \/>\nDas 8 \u00e0s 17 horas<br \/>\nMutir\u00e3o de preventivos e exame de mamas; agendamento de mamografia para a Ag\u00eancia de Coopera\u00e7\u00e3o Intermunicipal em Sa\u00fade P\u00e9 da Serra (Acispes) e atividades l\u00fadicas, como entrega de brindes e bingo.<\/p>\n<p>Vila Ideal<br \/>\nDas 8 \u00e0s 17 horas<br \/>\nExame citopatol\u00f3gico de colo de \u00fatero, pedido de agendamento de mamografia e outros exames, caso necess\u00e1rio. Dia de beleza, com maquiagem ap\u00f3s a coleta.<\/p>\n<p><b>Faixa et\u00e1ria e crit\u00e9rios para a realiza\u00e7\u00e3o de exames<\/b><\/p>\n<p>De acordo com os crit\u00e9rios definidos pelo Minist\u00e9rio da Sa\u00fade para realiza\u00e7\u00e3o da mamografia de rastreamento e preventivo do c\u00e2ncer de colo, as mulheres devem preencher os seguintes crit\u00e9rios de idade:<\/p>\n<p>&#8211; 25 a 64 anos &#8211; Papanicolau a cada tr\u00eas anos<br \/>\n&#8211; 40 a 49 anos &#8211; Exame cl\u00ednico de mama uma vez ao ano<br \/>\n&#8211; 50 a 69 anos \u2013 Mamografia de rastreamento a cada dois anos.<\/p>\n<p>&nbsp;<\/p>\n<p>Fonte: Assessoria\/PJF<\/p>\n","protected":false},"excerpt":{"rendered":"<p>Dando continuidade \u00e0s a\u00e7\u00f5es realizadas dentro do \u201cOutubro Rosa\u201d, no pr\u00f3ximo s\u00e1bado, 20, mais tr\u00eas Unidades B\u00e1sicas de Sa\u00fade (UBSs) da Prefeitura de Juiz de Fora (PJF) abrir\u00e3o suas portas para oferecer atendimento especial \u00e0s mulheres que, por algum motivo, t\u00eam dificuldades de procurar o servi\u00e7o ao longo da semana. Como o tema da campanha [&hellip;]<\/p>\n","protected":false},"author":96,"featured_media":122983,"comment_status":"closed","ping_status":"closed","sticky":false,"template":"","format":"standard","meta":{"footnotes":""},"categories":[253,439],"tags":[],"class_list":["post-122980","post","type-post","status-publish","format-standard","has-post-thumbnail","hentry","category-cidade","category-ultima-hora"],"_links":{"self":[{"href":"https:\/\/diarioregionaldigital.com.br\/index.php?rest_route=\/wp\/v2\/posts\/122980","targetHints":{"allow":["GET"]}}],"collection":[{"href":"https:\/\/diarioregionaldigital.com.br\/index.php?rest_route=\/wp\/v2\/posts"}],"about":[{"href":"https:\/\/diarioregionaldigital.com.br\/index.php?rest_route=\/wp\/v2\/types\/post"}],"author":[{"embeddable":true,"href":"https:\/\/diarioregionaldigital.com.br\/index.php?rest_route=\/wp\/v2\/users\/96"}],"replies":[{"embeddable":true,"href":"https:\/\/diarioregionaldigital.com.br\/index.php?rest_route=%2Fwp%2Fv2%2Fcomments&post=122980"}],"version-history":[{"count":0,"href":"https:\/\/diarioregionaldigital.com.br\/index.php?rest_route=\/wp\/v2\/posts\/122980\/revisions"}],"wp:featuredmedia":[{"embeddable":true,"href":"https:\/\/diarioregionaldigital.com.br\/index.php?rest_route=\/wp\/v2\/media\/122983"}],"wp:attachment":[{"href":"https:\/\/diarioregionaldigital.com.br\/index.php?rest_route=%2Fwp%2Fv2%2Fmedia&parent=122980"}],"wp:term":[{"taxonomy":"category","embeddable":true,"href":"https:\/\/diarioregionaldigital.com.br\/index.php?rest_route=%2Fwp%2Fv2%2Fcategories&post=122980"},{"taxonomy":"post_tag","embeddable":true,"href":"https:\/\/diarioregionaldigital.com.br\/index.php?rest_route=%2Fwp%2Fv2%2Ftags&post=122980"}],"curies":[{"name":"wp","href":"https:\/\/api.w.org\/{rel}","templated":true}]}}