{"id":122976,"date":"2018-10-17T15:27:57","date_gmt":"2018-10-17T18:27:57","guid":{"rendered":"https:\/\/diarioregionaldigital.com.br\/?p=122976"},"modified":"2018-10-17T15:29:38","modified_gmt":"2018-10-17T18:29:38","slug":"congresso-derruba-veto-de-temer-a-piso-salarial-de-agentes-de-saude","status":"publish","type":"post","link":"https:\/\/diarioregionaldigital.com.br\/?p=122976","title":{"rendered":"Congresso derruba veto de Temer a piso salarial de agentes de sa\u00fade"},"content":{"rendered":"<p>Na primeira sess\u00e3o do Congresso ap\u00f3s o primeiro turno das elei\u00e7\u00f5es, senadores e deputados comemoraram nessa quarta-feira, 17, a derrubada do veto (VET 32\/2018) do presidente da Rep\u00fablica ao piso salarial dos agentes comunit\u00e1rios de sa\u00fade e de combate \u00e0s endemias.<\/p>\n<p>A remunera\u00e7\u00e3o nacional estava prevista no projeto de convers\u00e3o oriundo da Medida Provis\u00f3ria (MPV) 827\/2018, aprovada em julho pelo Congresso.<\/p>\n<p>\u00c0 \u00e9poca, o presidente Michel Temer sancionou a nova regulamenta\u00e7\u00e3o profissional da categoria, mas vetou os seis pontos do texto que tratavam do reajuste com a justificativa de que mat\u00e9ria aprovada pelo Congresso Nacional criava despesas obrigat\u00f3rias sem estimativa de impacto or\u00e7ament\u00e1rio.<\/p>\n<p>O texto aprovado pelo Congresso fixa a remunera\u00e7\u00e3o em R$1.250 a partir de 2019. Os agentes receber\u00e3o R$1.400 em 2020 e R$1.550 em 2021.<\/p>\n<p>A partir de 2022, o piso ser\u00e1 reajustado anualmente em percentual definido na Lei de Diretrizes Or\u00e7ament\u00e1rias (LDO). Parlamentares se revezaram hoje na tribuna com discursos de que a derrubada do veto significa justi\u00e7a aos agentes de sa\u00fade.<\/p>\n<p>O texto ser\u00e1 promulgado nos pr\u00f3ximos dias pelo presidente do Congresso, Eun\u00edcio Oliveira (MDB-CE).<\/p>\n<p>Esse foi o \u00fanico veto apreciado nesta quarta-feira. Com o qu\u00f3rum baixo, parlamentares de v\u00e1rios partidos entraram em obstru\u00e7\u00e3o e for\u00e7aram o encerramento da sess\u00e3o.<\/p>\n<p>A medida foi tomada para que os outros 15 vetos previstos para hoje, que n\u00e3o t\u00eam tanto consenso quanto o dos agentes comunit\u00e1rios, n\u00e3o corressem risco de n\u00e3o serem derrubados.<\/p>\n<p>&nbsp;<\/p>\n<p>Fonte: Ag\u00eancia Brasil<\/p>\n","protected":false},"excerpt":{"rendered":"<p>Na primeira sess\u00e3o do Congresso ap\u00f3s o primeiro turno das elei\u00e7\u00f5es, senadores e deputados comemoraram nessa quarta-feira, 17, a derrubada do veto (VET 32\/2018) do presidente da Rep\u00fablica ao piso salarial dos agentes comunit\u00e1rios de sa\u00fade e de combate \u00e0s endemias. A remunera\u00e7\u00e3o nacional estava prevista no projeto de convers\u00e3o oriundo da Medida Provis\u00f3ria (MPV) [&hellip;]<\/p>\n","protected":false},"author":96,"featured_media":122979,"comment_status":"closed","ping_status":"closed","sticky":false,"template":"","format":"standard","meta":{"footnotes":""},"categories":[254,439],"tags":[],"class_list":["post-122976","post","type-post","status-publish","format-standard","has-post-thumbnail","hentry","category-politica","category-ultima-hora"],"_links":{"self":[{"href":"https:\/\/diarioregionaldigital.com.br\/index.php?rest_route=\/wp\/v2\/posts\/122976","targetHints":{"allow":["GET"]}}],"collection":[{"href":"https:\/\/diarioregionaldigital.com.br\/index.php?rest_route=\/wp\/v2\/posts"}],"about":[{"href":"https:\/\/diarioregionaldigital.com.br\/index.php?rest_route=\/wp\/v2\/types\/post"}],"author":[{"embeddable":true,"href":"https:\/\/diarioregionaldigital.com.br\/index.php?rest_route=\/wp\/v2\/users\/96"}],"replies":[{"embeddable":true,"href":"https:\/\/diarioregionaldigital.com.br\/index.php?rest_route=%2Fwp%2Fv2%2Fcomments&post=122976"}],"version-history":[{"count":0,"href":"https:\/\/diarioregionaldigital.com.br\/index.php?rest_route=\/wp\/v2\/posts\/122976\/revisions"}],"wp:featuredmedia":[{"embeddable":true,"href":"https:\/\/diarioregionaldigital.com.br\/index.php?rest_route=\/wp\/v2\/media\/122979"}],"wp:attachment":[{"href":"https:\/\/diarioregionaldigital.com.br\/index.php?rest_route=%2Fwp%2Fv2%2Fmedia&parent=122976"}],"wp:term":[{"taxonomy":"category","embeddable":true,"href":"https:\/\/diarioregionaldigital.com.br\/index.php?rest_route=%2Fwp%2Fv2%2Fcategories&post=122976"},{"taxonomy":"post_tag","embeddable":true,"href":"https:\/\/diarioregionaldigital.com.br\/index.php?rest_route=%2Fwp%2Fv2%2Ftags&post=122976"}],"curies":[{"name":"wp","href":"https:\/\/api.w.org\/{rel}","templated":true}]}}