{"id":122971,"date":"2018-10-17T15:09:08","date_gmt":"2018-10-17T18:09:08","guid":{"rendered":"https:\/\/diarioregionaldigital.com.br\/?p=122971"},"modified":"2018-10-17T15:09:08","modified_gmt":"2018-10-17T18:09:08","slug":"botafogo-antecipa-receita-do-carioca-2019-para-quitar-salarios-do-elenco","status":"publish","type":"post","link":"https:\/\/diarioregionaldigital.com.br\/?p=122971","title":{"rendered":"Botafogo antecipa receita do Carioca 2019 para quitar sal\u00e1rios do elenco"},"content":{"rendered":"<p>Atravessando a pior crise desde 2014, o Botafogo apresenta uma d\u00edvida quase bilion\u00e1ria e est\u00e1 com dois meses de sal\u00e1rios em atraso com seus jogadores e funcion\u00e1rios. Para tentar resolver esta situa\u00e7\u00e3o, a diretoria conseguiu aprovar junto ao Conselho Deliberativo o adiantamento de cotas de televis\u00e3o referentes ao Campeonato Carioca. O valor da receita que entrar\u00e1 nos cofres do clube \u00e9 de cerca de R$ 18 milh\u00f5es.<\/p>\n<p>O presidente Nelson Mufarrej tratou pessoalmente da quest\u00e3o. Na vis\u00e3o dele o clube poder\u00e1 arcar nos pr\u00f3ximos dias com os meses em aberto. \u201cAcredito que no come\u00e7o da pr\u00f3xima semana, em sete dias no m\u00e1ximo, vamos conseguir quitar a situa\u00e7\u00e3o com o pagamento dos atrasados. N\u00e3o estamos pedindo uma antecipa\u00e7\u00e3o para dizer que simplesmente temos dinheiro em caixa. A situa\u00e7\u00e3o pedia o adiantamento e sou muito claro nas explica\u00e7\u00f5es pois o momento exige transpar\u00eancia\u201d, disse o presidente.<\/p>\n<p>Logo ap\u00f3s a sa\u00edda do presidente Maur\u00edcio Assump\u00e7\u00e3o, em 2014, o substituto, eleito no fim daquele ano, Carlos Eduardo Pereira, disse que o clube precisaria de pelo menos oito anos para conseguir come\u00e7ar a colocar as contas em dia. O d\u00e9ficit para 2018 est\u00e1 estimado em cerca de R$ 49 milh\u00f5es.<\/p>\n<p>No Campeonato Brasileiro o Botafogo soma 35 pontos e ainda est\u00e1 amea\u00e7ado pelo risco do rebaixamento. O pr\u00f3ximo compromisso ser\u00e1 no domingo, \u00e0s 16h(de Bras\u00edlia), no Est\u00e1dio Nilton Santos, no Rio de Janeiro (RJ), pela trig\u00e9sima rodada. O time para este compromisso ser\u00e1 definido nos \u00faltimos treinamentos da semana. Nesta quinta-feira o plantel tem atividade prevista para a parte da tarde.<\/p>\n<p><strong>Fonte: Gazeta Press<\/strong><\/p>\n","protected":false},"excerpt":{"rendered":"<p>Atravessando a pior crise desde 2014, o Botafogo apresenta uma d\u00edvida quase bilion\u00e1ria e est\u00e1 com dois meses de sal\u00e1rios em atraso com seus jogadores e funcion\u00e1rios. Para tentar resolver esta situa\u00e7\u00e3o, a diretoria conseguiu aprovar junto ao Conselho Deliberativo o adiantamento de cotas de televis\u00e3o referentes ao Campeonato Carioca. O valor da receita que [&hellip;]<\/p>\n","protected":false},"author":96,"featured_media":122972,"comment_status":"closed","ping_status":"closed","sticky":false,"template":"","format":"standard","meta":{"footnotes":""},"categories":[257,439],"tags":[],"class_list":["post-122971","post","type-post","status-publish","format-standard","has-post-thumbnail","hentry","category-esporte","category-ultima-hora"],"_links":{"self":[{"href":"https:\/\/diarioregionaldigital.com.br\/index.php?rest_route=\/wp\/v2\/posts\/122971","targetHints":{"allow":["GET"]}}],"collection":[{"href":"https:\/\/diarioregionaldigital.com.br\/index.php?rest_route=\/wp\/v2\/posts"}],"about":[{"href":"https:\/\/diarioregionaldigital.com.br\/index.php?rest_route=\/wp\/v2\/types\/post"}],"author":[{"embeddable":true,"href":"https:\/\/diarioregionaldigital.com.br\/index.php?rest_route=\/wp\/v2\/users\/96"}],"replies":[{"embeddable":true,"href":"https:\/\/diarioregionaldigital.com.br\/index.php?rest_route=%2Fwp%2Fv2%2Fcomments&post=122971"}],"version-history":[{"count":0,"href":"https:\/\/diarioregionaldigital.com.br\/index.php?rest_route=\/wp\/v2\/posts\/122971\/revisions"}],"wp:featuredmedia":[{"embeddable":true,"href":"https:\/\/diarioregionaldigital.com.br\/index.php?rest_route=\/wp\/v2\/media\/122972"}],"wp:attachment":[{"href":"https:\/\/diarioregionaldigital.com.br\/index.php?rest_route=%2Fwp%2Fv2%2Fmedia&parent=122971"}],"wp:term":[{"taxonomy":"category","embeddable":true,"href":"https:\/\/diarioregionaldigital.com.br\/index.php?rest_route=%2Fwp%2Fv2%2Fcategories&post=122971"},{"taxonomy":"post_tag","embeddable":true,"href":"https:\/\/diarioregionaldigital.com.br\/index.php?rest_route=%2Fwp%2Fv2%2Ftags&post=122971"}],"curies":[{"name":"wp","href":"https:\/\/api.w.org\/{rel}","templated":true}]}}