{"id":122968,"date":"2018-10-17T15:07:43","date_gmt":"2018-10-17T18:07:43","guid":{"rendered":"https:\/\/diarioregionaldigital.com.br\/?p=122968"},"modified":"2018-10-17T15:07:43","modified_gmt":"2018-10-17T18:07:43","slug":"finalistas-da-1a-copa-uniao-das-vilas-de-fut-7-masculino-sao-definidos","status":"publish","type":"post","link":"https:\/\/diarioregionaldigital.com.br\/?p=122968","title":{"rendered":"Finalistas da \u201c1\u00aa Copa Uni\u00e3o das Vilas de Fut 7 Masculino\u201d s\u00e3o definidos"},"content":{"rendered":"<p>Neste domingo, 14, foram definidos os finalistas da \u201c1\u00aa Copa Uni\u00e3o das Vilas de Fut 7 Masculino\u201d, campeonato realizado no \u201cN\u00facleo Travessia\u201d e promovido pela Secretaria de Desenvolvimento Social (SDS). Em campo, disputaram vaga na final as equipes \u201cLargados\u201d e \u201cHorto\u201d, na primeira rodada, e \u201cOrlando City\u201d e \u201cCruzeirinho\u201d, na segunda. Em ambos os jogos, o resultado foi de empate, terminando em um a um. As partidas foram decididas nos p\u00eanaltis, com vit\u00f3ria de \u201cLargados\u201d e \u201cCruzeirinho\u201d, que disputar\u00e3o a final em 4 de novembro. No mesmo dia, as equipes \u201cOrlando City\u201d e \u201cHorto\u201d se enfrentar\u00e3o, a fim de garantir o terceiro lugar.<\/p>\n<p>Caso haja empate, novamente a disputa ser\u00e1 definida por meio dos p\u00eanaltis. Os hor\u00e1rios dos jogos ser\u00e3o marcados na pr\u00f3xima semana, em reuni\u00e3o da coordena\u00e7\u00e3o da Copa com as equipes finalistas.<\/p>\n<p>\u201cN\u00facleo Travessia\u201d<\/p>\n<p>Busca garantir acesso \u00e0 cultura, ao esporte e lazer. Oferece atividades como gin\u00e1stica e capoeira, al\u00e9m de aulas de percuss\u00e3o e hip-hop, para todas as idades. No ambiente, funcionam tamb\u00e9m a unidade do Centro de Refer\u00eancia de Assist\u00eancia Social (Cras), sala de leitura, audit\u00f3rio, cozinha semi-industrial, \u00e1rea verde e espa\u00e7o de conviv\u00eancia para pessoas de todas as faixas et\u00e1rias.<\/p>\n","protected":false},"excerpt":{"rendered":"<p>Neste domingo, 14, foram definidos os finalistas da \u201c1\u00aa Copa Uni\u00e3o das Vilas de Fut 7 Masculino\u201d, campeonato realizado no \u201cN\u00facleo Travessia\u201d e promovido pela Secretaria de Desenvolvimento Social (SDS). Em campo, disputaram vaga na final as equipes \u201cLargados\u201d e \u201cHorto\u201d, na primeira rodada, e \u201cOrlando City\u201d e \u201cCruzeirinho\u201d, na segunda. Em ambos os jogos, [&hellip;]<\/p>\n","protected":false},"author":96,"featured_media":122969,"comment_status":"closed","ping_status":"closed","sticky":false,"template":"","format":"standard","meta":{"footnotes":""},"categories":[257,439],"tags":[],"class_list":["post-122968","post","type-post","status-publish","format-standard","has-post-thumbnail","hentry","category-esporte","category-ultima-hora"],"_links":{"self":[{"href":"https:\/\/diarioregionaldigital.com.br\/index.php?rest_route=\/wp\/v2\/posts\/122968","targetHints":{"allow":["GET"]}}],"collection":[{"href":"https:\/\/diarioregionaldigital.com.br\/index.php?rest_route=\/wp\/v2\/posts"}],"about":[{"href":"https:\/\/diarioregionaldigital.com.br\/index.php?rest_route=\/wp\/v2\/types\/post"}],"author":[{"embeddable":true,"href":"https:\/\/diarioregionaldigital.com.br\/index.php?rest_route=\/wp\/v2\/users\/96"}],"replies":[{"embeddable":true,"href":"https:\/\/diarioregionaldigital.com.br\/index.php?rest_route=%2Fwp%2Fv2%2Fcomments&post=122968"}],"version-history":[{"count":0,"href":"https:\/\/diarioregionaldigital.com.br\/index.php?rest_route=\/wp\/v2\/posts\/122968\/revisions"}],"wp:featuredmedia":[{"embeddable":true,"href":"https:\/\/diarioregionaldigital.com.br\/index.php?rest_route=\/wp\/v2\/media\/122969"}],"wp:attachment":[{"href":"https:\/\/diarioregionaldigital.com.br\/index.php?rest_route=%2Fwp%2Fv2%2Fmedia&parent=122968"}],"wp:term":[{"taxonomy":"category","embeddable":true,"href":"https:\/\/diarioregionaldigital.com.br\/index.php?rest_route=%2Fwp%2Fv2%2Fcategories&post=122968"},{"taxonomy":"post_tag","embeddable":true,"href":"https:\/\/diarioregionaldigital.com.br\/index.php?rest_route=%2Fwp%2Fv2%2Ftags&post=122968"}],"curies":[{"name":"wp","href":"https:\/\/api.w.org\/{rel}","templated":true}]}}