{"id":122962,"date":"2018-10-17T15:03:37","date_gmt":"2018-10-17T18:03:37","guid":{"rendered":"https:\/\/diarioregionaldigital.com.br\/?p=122962"},"modified":"2018-10-17T15:03:37","modified_gmt":"2018-10-17T18:03:37","slug":"triatletas-de-juiz-de-fora-participam-do-mundial-de-ironman","status":"publish","type":"post","link":"https:\/\/diarioregionaldigital.com.br\/?p=122962","title":{"rendered":"Triatletas de Juiz de Fora participam do mundial de Ironman"},"content":{"rendered":"<p>Triatletas juiz-foranos completaram no fim de semana uma das mais dif\u00edceis provas de triatlon do mundo. Hugo Amaral e Thiago Alvim participaram do Mundial de Ironman em Kailua-Kona, no Hava\u00ed. Ao todo, foram 3,8 km de nata\u00e7\u00e3o, 180 km de ciclismo e 42 km de corrida no calor do arquip\u00e9lago do Pac\u00edfico.<\/p>\n<p>Hugo Amaral completou a prova em 9h10min, atingindo sua meta de fazer uma marca inferior a 9h20min, e terminou na 37\u00aa posi\u00e7\u00e3o da categoria 30 a 34 anos masculina. Na mesma categoria, Thiago Alvim completou a prova com esfor\u00e7o, ap\u00f3s sofrer uma distens\u00e3o na panturrilha no Km 13 da maratona, e terminou em 165\u00ba lugar.<\/p>\n<p>&nbsp;<\/p>\n","protected":false},"excerpt":{"rendered":"<p>Triatletas juiz-foranos completaram no fim de semana uma das mais dif\u00edceis provas de triatlon do mundo. Hugo Amaral e Thiago Alvim participaram do Mundial de Ironman em Kailua-Kona, no Hava\u00ed. Ao todo, foram 3,8 km de nata\u00e7\u00e3o, 180 km de ciclismo e 42 km de corrida no calor do arquip\u00e9lago do Pac\u00edfico. Hugo Amaral completou [&hellip;]<\/p>\n","protected":false},"author":96,"featured_media":122963,"comment_status":"closed","ping_status":"closed","sticky":false,"template":"","format":"standard","meta":{"footnotes":""},"categories":[257,439],"tags":[],"class_list":["post-122962","post","type-post","status-publish","format-standard","has-post-thumbnail","hentry","category-esporte","category-ultima-hora"],"_links":{"self":[{"href":"https:\/\/diarioregionaldigital.com.br\/index.php?rest_route=\/wp\/v2\/posts\/122962","targetHints":{"allow":["GET"]}}],"collection":[{"href":"https:\/\/diarioregionaldigital.com.br\/index.php?rest_route=\/wp\/v2\/posts"}],"about":[{"href":"https:\/\/diarioregionaldigital.com.br\/index.php?rest_route=\/wp\/v2\/types\/post"}],"author":[{"embeddable":true,"href":"https:\/\/diarioregionaldigital.com.br\/index.php?rest_route=\/wp\/v2\/users\/96"}],"replies":[{"embeddable":true,"href":"https:\/\/diarioregionaldigital.com.br\/index.php?rest_route=%2Fwp%2Fv2%2Fcomments&post=122962"}],"version-history":[{"count":0,"href":"https:\/\/diarioregionaldigital.com.br\/index.php?rest_route=\/wp\/v2\/posts\/122962\/revisions"}],"wp:featuredmedia":[{"embeddable":true,"href":"https:\/\/diarioregionaldigital.com.br\/index.php?rest_route=\/wp\/v2\/media\/122963"}],"wp:attachment":[{"href":"https:\/\/diarioregionaldigital.com.br\/index.php?rest_route=%2Fwp%2Fv2%2Fmedia&parent=122962"}],"wp:term":[{"taxonomy":"category","embeddable":true,"href":"https:\/\/diarioregionaldigital.com.br\/index.php?rest_route=%2Fwp%2Fv2%2Fcategories&post=122962"},{"taxonomy":"post_tag","embeddable":true,"href":"https:\/\/diarioregionaldigital.com.br\/index.php?rest_route=%2Fwp%2Fv2%2Ftags&post=122962"}],"curies":[{"name":"wp","href":"https:\/\/api.w.org\/{rel}","templated":true}]}}