{"id":122959,"date":"2018-10-17T14:21:27","date_gmt":"2018-10-17T17:21:27","guid":{"rendered":"https:\/\/diarioregionaldigital.com.br\/?p=122959"},"modified":"2018-10-17T14:21:27","modified_gmt":"2018-10-17T17:21:27","slug":"atividade-economica-registra-terceiro-mes-seguido-de-crescimento","status":"publish","type":"post","link":"https:\/\/diarioregionaldigital.com.br\/?p=122959","title":{"rendered":"Atividade econ\u00f4mica registra terceiro m\u00eas seguido de crescimento"},"content":{"rendered":"<p>O \u00cdndice de Atividade Econ\u00f4mica do Banco Central (IBC-Br) dessazonalizado (ajustado para o per\u00edodo) apresentou expans\u00e3o de 0,47%, em agosto, em rela\u00e7\u00e3o a julho deste ano, segundo dados divulgados nessa quarta-feira, 17, pelo Banco Central (BC).<\/p>\n<p>De acordo com dados revisados, a economia tamb\u00e9m cresceu em julho (0,65%) e em junho (3,45%).<\/p>\n<p>Na compara\u00e7\u00e3o com agosto de 2017, o crescimento chegou a 2,5% (sem ajuste para o per\u00edodo). Em 12 meses encerrados em agosto, o indicador cresceu 1,5%. No ano, houve crescimento de 1,28%.<\/p>\n<p>O IBC-Br \u00e9 uma forma de avaliar a evolu\u00e7\u00e3o da atividade econ\u00f4mica brasileira e ajuda o BC a tomar suas decis\u00f5es sobre a taxa b\u00e1sica de juros, a Selic.<\/p>\n<p>O \u00edndice incorpora informa\u00e7\u00f5es sobre o n\u00edvel de atividade dos tr\u00eas setores da economia: ind\u00fastria, com\u00e9rcio e servi\u00e7os e agropecu\u00e1ria, al\u00e9m do volume de impostos. O indicador foi criado pelo BC para tentar antecipar, por aproxima\u00e7\u00e3o, a evolu\u00e7\u00e3o da atividade econ\u00f4mica. Mas o indicador oficial \u00e9 o Produto Interno Bruto (PIB), calculado pelo Instituto Brasileiro de Geografia e Estat\u00edstica (IBGE).<\/p>\n<p>&nbsp;<\/p>\n<p>Fonte: Ag\u00eancia Brasil<\/p>\n","protected":false},"excerpt":{"rendered":"<p>O \u00cdndice de Atividade Econ\u00f4mica do Banco Central (IBC-Br) dessazonalizado (ajustado para o per\u00edodo) apresentou expans\u00e3o de 0,47%, em agosto, em rela\u00e7\u00e3o a julho deste ano, segundo dados divulgados nessa quarta-feira, 17, pelo Banco Central (BC). De acordo com dados revisados, a economia tamb\u00e9m cresceu em julho (0,65%) e em junho (3,45%). Na compara\u00e7\u00e3o com [&hellip;]<\/p>\n","protected":false},"author":96,"featured_media":122960,"comment_status":"closed","ping_status":"closed","sticky":false,"template":"","format":"standard","meta":{"footnotes":""},"categories":[436,261,439],"tags":[],"class_list":["post-122959","post","type-post","status-publish","format-standard","has-post-thumbnail","hentry","category-destaque-da-semana","category-economia","category-ultima-hora"],"_links":{"self":[{"href":"https:\/\/diarioregionaldigital.com.br\/index.php?rest_route=\/wp\/v2\/posts\/122959","targetHints":{"allow":["GET"]}}],"collection":[{"href":"https:\/\/diarioregionaldigital.com.br\/index.php?rest_route=\/wp\/v2\/posts"}],"about":[{"href":"https:\/\/diarioregionaldigital.com.br\/index.php?rest_route=\/wp\/v2\/types\/post"}],"author":[{"embeddable":true,"href":"https:\/\/diarioregionaldigital.com.br\/index.php?rest_route=\/wp\/v2\/users\/96"}],"replies":[{"embeddable":true,"href":"https:\/\/diarioregionaldigital.com.br\/index.php?rest_route=%2Fwp%2Fv2%2Fcomments&post=122959"}],"version-history":[{"count":0,"href":"https:\/\/diarioregionaldigital.com.br\/index.php?rest_route=\/wp\/v2\/posts\/122959\/revisions"}],"wp:featuredmedia":[{"embeddable":true,"href":"https:\/\/diarioregionaldigital.com.br\/index.php?rest_route=\/wp\/v2\/media\/122960"}],"wp:attachment":[{"href":"https:\/\/diarioregionaldigital.com.br\/index.php?rest_route=%2Fwp%2Fv2%2Fmedia&parent=122959"}],"wp:term":[{"taxonomy":"category","embeddable":true,"href":"https:\/\/diarioregionaldigital.com.br\/index.php?rest_route=%2Fwp%2Fv2%2Fcategories&post=122959"},{"taxonomy":"post_tag","embeddable":true,"href":"https:\/\/diarioregionaldigital.com.br\/index.php?rest_route=%2Fwp%2Fv2%2Ftags&post=122959"}],"curies":[{"name":"wp","href":"https:\/\/api.w.org\/{rel}","templated":true}]}}