{"id":122957,"date":"2018-10-17T14:08:28","date_gmt":"2018-10-17T17:08:28","guid":{"rendered":"https:\/\/diarioregionaldigital.com.br\/?p=122957"},"modified":"2018-10-17T14:08:28","modified_gmt":"2018-10-17T17:08:28","slug":"corpo-e-encontrado-na-pensao-em-que-agressor-de-jair-bolsonaro-se-hospedou","status":"publish","type":"post","link":"https:\/\/diarioregionaldigital.com.br\/?p=122957","title":{"rendered":"Corpo \u00e9 encontrado na pens\u00e3o em que agressor de Jair Bolsonaro se hospedou"},"content":{"rendered":"<p>Um homem de 48 anos foi encontrado na madrugada dessa quarta-feira, 17, morto no bairro Paineiras, regi\u00e3o central em Juiz de Fora, na mesma pens\u00e3o em que Ad\u00e9lio Bispo de Oliveira, autor do atentado contra o candidato \u00e0 Presid\u00eancia Jair Bolsonaro, se hospedou. Segundo informa\u00e7\u00f5es da Pol\u00edcia Militar, o corpo foi encontrado sem sinais de viol\u00eancia e j\u00e1 apresentava rigidez cadav\u00e9rica.<\/p>\n<p>Segundo moradores da pens\u00e3o, a v\u00edtima j\u00e1 residia no local h\u00e1 aproximadamente tr\u00eas meses e se queixou de problemas com catarro, na \u00faltima segunda-feira, 15.<\/p>\n<p>De acordo com os familiares, ele era usu\u00e1rio de drogas e tinha sido internado recentemente para tratar uma pneumonia, al\u00e9m de ter problemas card\u00edacos.<\/p>\n<p>\u00c9 a segunda pessoa que morreu no local ap\u00f3s o atentado do candidato do PSL, no dia 6 de setembro. No m\u00eas passado, a dona da pens\u00e3o tamb\u00e9m faleceu, devido a um c\u00e2ncer terminal.<\/p>\n","protected":false},"excerpt":{"rendered":"<p>Um homem de 48 anos foi encontrado na madrugada dessa quarta-feira, 17, morto no bairro Paineiras, regi\u00e3o central em Juiz de Fora, na mesma pens\u00e3o em que Ad\u00e9lio Bispo de Oliveira, autor do atentado contra o candidato \u00e0 Presid\u00eancia Jair Bolsonaro, se hospedou. Segundo informa\u00e7\u00f5es da Pol\u00edcia Militar, o corpo foi encontrado sem sinais de [&hellip;]<\/p>\n","protected":false},"author":96,"featured_media":97342,"comment_status":"closed","ping_status":"closed","sticky":false,"template":"","format":"standard","meta":{"footnotes":""},"categories":[301,436,439],"tags":[],"class_list":["post-122957","post","type-post","status-publish","format-standard","has-post-thumbnail","hentry","category-artigos-policiais","category-destaque-da-semana","category-ultima-hora"],"_links":{"self":[{"href":"https:\/\/diarioregionaldigital.com.br\/index.php?rest_route=\/wp\/v2\/posts\/122957","targetHints":{"allow":["GET"]}}],"collection":[{"href":"https:\/\/diarioregionaldigital.com.br\/index.php?rest_route=\/wp\/v2\/posts"}],"about":[{"href":"https:\/\/diarioregionaldigital.com.br\/index.php?rest_route=\/wp\/v2\/types\/post"}],"author":[{"embeddable":true,"href":"https:\/\/diarioregionaldigital.com.br\/index.php?rest_route=\/wp\/v2\/users\/96"}],"replies":[{"embeddable":true,"href":"https:\/\/diarioregionaldigital.com.br\/index.php?rest_route=%2Fwp%2Fv2%2Fcomments&post=122957"}],"version-history":[{"count":0,"href":"https:\/\/diarioregionaldigital.com.br\/index.php?rest_route=\/wp\/v2\/posts\/122957\/revisions"}],"wp:featuredmedia":[{"embeddable":true,"href":"https:\/\/diarioregionaldigital.com.br\/index.php?rest_route=\/wp\/v2\/media\/97342"}],"wp:attachment":[{"href":"https:\/\/diarioregionaldigital.com.br\/index.php?rest_route=%2Fwp%2Fv2%2Fmedia&parent=122957"}],"wp:term":[{"taxonomy":"category","embeddable":true,"href":"https:\/\/diarioregionaldigital.com.br\/index.php?rest_route=%2Fwp%2Fv2%2Fcategories&post=122957"},{"taxonomy":"post_tag","embeddable":true,"href":"https:\/\/diarioregionaldigital.com.br\/index.php?rest_route=%2Fwp%2Fv2%2Ftags&post=122957"}],"curies":[{"name":"wp","href":"https:\/\/api.w.org\/{rel}","templated":true}]}}