{"id":122954,"date":"2018-10-17T13:25:51","date_gmt":"2018-10-17T16:25:51","guid":{"rendered":"https:\/\/diarioregionaldigital.com.br\/?p=122954"},"modified":"2018-10-17T13:48:24","modified_gmt":"2018-10-17T16:48:24","slug":"adolescentes-sao-acusadas-de-matar-colega-em-conselheiro-lafaiete","status":"publish","type":"post","link":"https:\/\/diarioregionaldigital.com.br\/?p=122954","title":{"rendered":"Adolescentes s\u00e3o acusadas de matar colega em Conselheiro Lafaiete"},"content":{"rendered":"<p>Atrav\u00e9s de den\u00fancia an\u00f4nima a PM foi informada que uma jovem de 16 anos, moradora do bairro Santa Cruz, em Conselheiro Lafaiete, teria cometido um homic\u00eddio. A v\u00edtima seria outra menor de idade, de 14 anos, tamb\u00e9m moradora do bairro e que estava desaparecida desde o dia 22 de setembro. Militares foram at\u00e9 a casa da suspeita, que acabou confirmando o crime e levou indicou onde o corpo estaria.<\/p>\n<p>Na segunda-feira, 15, com o auxilio da equipe de busca e salvamento do Corpo de Bombeiros, foram localizados ossos humanos espalhados na \u00e1rea da mata e um cr\u00e2nio.<\/p>\n<p>A autora do crime relatou que atraiu a v\u00edtima para uma mata na localidade de Mostarda e, juntamente com outra menor (de 14 anos), moradora do bairro Lima Dias,\u00a0 desferiram v\u00e1rias facadas na v\u00edtima e tentaram degolar a jovem. Depois de constatada a morte as autoras esconderam o corpo debaixo de folhas secas e atearam fogo.<\/p>\n<p>A motiva\u00e7\u00e3o, segundo a\u00a0 mentora do crime (16 anos), teria sido um empurr\u00e3o da v\u00edtima na irm\u00e3 da autora na linha f\u00e9rrea. No momento passava uma composi\u00e7\u00e3o f\u00e9rrea, por\u00e9m ela escapou. O fato teria acontecido h\u00e1 cerca de 15 dias. Sendo assim, de acordo com a infratora, dois dias ap\u00f3s o fato na linha f\u00e9rrea, chamou a adolescente com a desculpa que iriam buscar drogas para venderem.<\/p>\n<p>Diante da confiss\u00e3o e do encontro dos restos mortais, a autora recebeu voz de apreens\u00e3o por homic\u00eddio e foi conduzida a Delegacia de Pol\u00edcia Civil. A outra menor apontada como participante do crime n\u00e3o foi localizada.<\/p>\n<p>&nbsp;<\/p>\n<p>Fonte: Tempo Real\/ Barbacena Online<\/p>\n","protected":false},"excerpt":{"rendered":"<p>Atrav\u00e9s de den\u00fancia an\u00f4nima a PM foi informada que uma jovem de 16 anos, moradora do bairro Santa Cruz, em Conselheiro Lafaiete, teria cometido um homic\u00eddio. A v\u00edtima seria outra menor de idade, de 14 anos, tamb\u00e9m moradora do bairro e que estava desaparecida desde o dia 22 de setembro. Militares foram at\u00e9 a casa [&hellip;]<\/p>\n","protected":false},"author":96,"featured_media":95105,"comment_status":"closed","ping_status":"closed","sticky":false,"template":"","format":"standard","meta":{"footnotes":""},"categories":[252,439],"tags":[],"class_list":["post-122954","post","type-post","status-publish","format-standard","has-post-thumbnail","hentry","category-regiao","category-ultima-hora"],"_links":{"self":[{"href":"https:\/\/diarioregionaldigital.com.br\/index.php?rest_route=\/wp\/v2\/posts\/122954","targetHints":{"allow":["GET"]}}],"collection":[{"href":"https:\/\/diarioregionaldigital.com.br\/index.php?rest_route=\/wp\/v2\/posts"}],"about":[{"href":"https:\/\/diarioregionaldigital.com.br\/index.php?rest_route=\/wp\/v2\/types\/post"}],"author":[{"embeddable":true,"href":"https:\/\/diarioregionaldigital.com.br\/index.php?rest_route=\/wp\/v2\/users\/96"}],"replies":[{"embeddable":true,"href":"https:\/\/diarioregionaldigital.com.br\/index.php?rest_route=%2Fwp%2Fv2%2Fcomments&post=122954"}],"version-history":[{"count":0,"href":"https:\/\/diarioregionaldigital.com.br\/index.php?rest_route=\/wp\/v2\/posts\/122954\/revisions"}],"wp:featuredmedia":[{"embeddable":true,"href":"https:\/\/diarioregionaldigital.com.br\/index.php?rest_route=\/wp\/v2\/media\/95105"}],"wp:attachment":[{"href":"https:\/\/diarioregionaldigital.com.br\/index.php?rest_route=%2Fwp%2Fv2%2Fmedia&parent=122954"}],"wp:term":[{"taxonomy":"category","embeddable":true,"href":"https:\/\/diarioregionaldigital.com.br\/index.php?rest_route=%2Fwp%2Fv2%2Fcategories&post=122954"},{"taxonomy":"post_tag","embeddable":true,"href":"https:\/\/diarioregionaldigital.com.br\/index.php?rest_route=%2Fwp%2Fv2%2Ftags&post=122954"}],"curies":[{"name":"wp","href":"https:\/\/api.w.org\/{rel}","templated":true}]}}