{"id":122940,"date":"2018-10-17T13:06:55","date_gmt":"2018-10-17T16:06:55","guid":{"rendered":"https:\/\/diarioregionaldigital.com.br\/?p=122940"},"modified":"2018-10-19T09:50:54","modified_gmt":"2018-10-19T12:50:54","slug":"cisdeste-desmente-noticias-sobre-concurso","status":"publish","type":"post","link":"https:\/\/diarioregionaldigital.com.br\/?p=122940","title":{"rendered":"Cisdeste desmente not\u00edcias sobre concurso"},"content":{"rendered":"<p>O Cons\u00f3rcio Intermunicipal de Sa\u00fade para Gerenciamento da Rede de Urg\u00eancia e Emerg\u00eancia da Macro Sudeste (Cisdeste) se manifestou nessa quarta-feira, 17, para esclarecer que as not\u00edcias que est\u00e3o sendo compartilhadas nas redes sociais sobre vagas de emprego com in\u00edcio imediato no SAMU, com sal\u00e1rio de at\u00e9 R$3.432,21, s\u00e3o falsas.<\/p>\n<p>Segundo a Cisdeste, todo o processo seletivo da institui\u00e7\u00e3o \u00e9 divulgado oficialmente no pr\u00f3prio site da Institui\u00e7\u00e3o,\u00a0<a href=\"www.cideste.com.br\">www.cideste.com.br<\/a>, e que nenhuma rela\u00e7\u00e3o com a informa\u00e7\u00e3o foi divulgada.<\/p>\n<p>O setor jur\u00eddico j\u00e1 foi acionado e as medidas cab\u00edveis j\u00e1 est\u00e3o sendo tomadas.<\/p>\n<div id=\"attachment_122946\" style=\"width: 658px\" class=\"wp-caption aligncenter\"><img loading=\"lazy\" decoding=\"async\" aria-describedby=\"caption-attachment-122946\" class=\"wp-image-122946 \" src=\"https:\/\/diarioregionaldigital.com.br\/wp-content\/uploads\/2018\/10\/8278dc49-b8be-48d5-a7c5-1c0610c87438-1024x575.jpg\" alt=\"\" width=\"648\" height=\"364\" srcset=\"https:\/\/diarioregionaldigital.com.br\/wp-content\/uploads\/2018\/10\/8278dc49-b8be-48d5-a7c5-1c0610c87438-1024x575.jpg 1024w, https:\/\/diarioregionaldigital.com.br\/wp-content\/uploads\/2018\/10\/8278dc49-b8be-48d5-a7c5-1c0610c87438-300x169.jpg 300w, https:\/\/diarioregionaldigital.com.br\/wp-content\/uploads\/2018\/10\/8278dc49-b8be-48d5-a7c5-1c0610c87438-768x431.jpg 768w, https:\/\/diarioregionaldigital.com.br\/wp-content\/uploads\/2018\/10\/8278dc49-b8be-48d5-a7c5-1c0610c87438-360x202.jpg 360w, https:\/\/diarioregionaldigital.com.br\/wp-content\/uploads\/2018\/10\/8278dc49-b8be-48d5-a7c5-1c0610c87438.jpg 1280w\" sizes=\"auto, (max-width: 648px) 100vw, 648px\" \/><p id=\"caption-attachment-122946\" class=\"wp-caption-text\">Foto: Divulga\u00e7\u00e3o &#8211; Not\u00edcia que est\u00e1 circulando na internet.<\/p><\/div>\n<p>&nbsp;<\/p>\n<p>&nbsp;<\/p>\n","protected":false},"excerpt":{"rendered":"<p>O Cons\u00f3rcio Intermunicipal de Sa\u00fade para Gerenciamento da Rede de Urg\u00eancia e Emerg\u00eancia da Macro Sudeste (Cisdeste) se manifestou nessa quarta-feira, 17, para esclarecer que as not\u00edcias que est\u00e3o sendo compartilhadas nas redes sociais sobre vagas de emprego com in\u00edcio imediato no SAMU, com sal\u00e1rio de at\u00e9 R$3.432,21, s\u00e3o falsas. Segundo a Cisdeste, todo o [&hellip;]<\/p>\n","protected":false},"author":96,"featured_media":0,"comment_status":"closed","ping_status":"closed","sticky":false,"template":"","format":"standard","meta":{"footnotes":""},"categories":[253,436,439],"tags":[],"class_list":["post-122940","post","type-post","status-publish","format-standard","hentry","category-cidade","category-destaque-da-semana","category-ultima-hora"],"_links":{"self":[{"href":"https:\/\/diarioregionaldigital.com.br\/index.php?rest_route=\/wp\/v2\/posts\/122940","targetHints":{"allow":["GET"]}}],"collection":[{"href":"https:\/\/diarioregionaldigital.com.br\/index.php?rest_route=\/wp\/v2\/posts"}],"about":[{"href":"https:\/\/diarioregionaldigital.com.br\/index.php?rest_route=\/wp\/v2\/types\/post"}],"author":[{"embeddable":true,"href":"https:\/\/diarioregionaldigital.com.br\/index.php?rest_route=\/wp\/v2\/users\/96"}],"replies":[{"embeddable":true,"href":"https:\/\/diarioregionaldigital.com.br\/index.php?rest_route=%2Fwp%2Fv2%2Fcomments&post=122940"}],"version-history":[{"count":0,"href":"https:\/\/diarioregionaldigital.com.br\/index.php?rest_route=\/wp\/v2\/posts\/122940\/revisions"}],"wp:attachment":[{"href":"https:\/\/diarioregionaldigital.com.br\/index.php?rest_route=%2Fwp%2Fv2%2Fmedia&parent=122940"}],"wp:term":[{"taxonomy":"category","embeddable":true,"href":"https:\/\/diarioregionaldigital.com.br\/index.php?rest_route=%2Fwp%2Fv2%2Fcategories&post=122940"},{"taxonomy":"post_tag","embeddable":true,"href":"https:\/\/diarioregionaldigital.com.br\/index.php?rest_route=%2Fwp%2Fv2%2Ftags&post=122940"}],"curies":[{"name":"wp","href":"https:\/\/api.w.org\/{rel}","templated":true}]}}