{"id":122925,"date":"2018-10-17T05:59:11","date_gmt":"2018-10-17T08:59:11","guid":{"rendered":"https:\/\/diarioregionaldigital.com.br\/?p=122925"},"modified":"2018-10-17T09:01:58","modified_gmt":"2018-10-17T12:01:58","slug":"correiros-encerram-atividades-em-41-agencias-de-15-estados-do-pais","status":"publish","type":"post","link":"https:\/\/diarioregionaldigital.com.br\/?p=122925","title":{"rendered":"Correiros encerram atividades em 41 ag\u00eancias de 15 estados do pa\u00eds"},"content":{"rendered":"<p>Os\u00a0Correios\u00a0deram in\u00edcio nessa ter\u00e7a-feira, 16, ao processo de fechamento de 41 ag\u00eancias\u00a0localizadas em 15 estado do pa\u00eds.<\/p>\n<p>Atualmente, os Correios t\u00eam pouco mais de 6,3 mil ag\u00eancias pr\u00f3prias em todo o pa\u00eds, al\u00e9m de 4,3 mil comunit\u00e1rias, 1 mil franqueadas e 127 permission\u00e1rias. Segundo a empresa, o encerramento das atividades dessas ag\u00eancias faz parte do processo de remodelagem da rede de atendimento, que prev\u00ea a substitui\u00e7\u00e3o gradativa de unidades convencionais \u201cpor solu\u00e7\u00f5es diferenciadas e mais adequadas \u00e0s necessidades dos clientes\u201d.<\/p>\n<p>\u201cO processo de remodelagem prev\u00ea a amplia\u00e7\u00e3o dos pontos de atendimento, dos atuais 12 mil para 15 mil, em todo o pa\u00eds, at\u00e9 2021, melhorando os servi\u00e7os para a popula\u00e7\u00e3o\u201d, informou a estatal, em nota.<\/p>\n<p>Ser\u00e3o fechadas ag\u00eancias nos estados do Amazonas, da Bahia, do Cear\u00e1, do Esp\u00edrito Santo, de Goi\u00e1s, do Piau\u00ed, de Minas Gerais, do Mato Grosso do Sul, de Mato Grosso, do Par\u00e1, do Piau\u00ed, do Rio de Janeiro, de Roraima, do Rio Grande do Sul e de S\u00e3o Paulo.<\/p>\n<h3>Juiz de Fora<\/h3>\n<p>Em Juiz de Fora, os Correiros anunciaram o encerramento das atividades da Ag\u00eancia Alameda, localizada na Rua Padre Jo\u00e3o Emilio, zona Central da cidade.<\/p>\n<p>A orienta\u00e7\u00e3o \u00e9 que os clientes se dirijam \u00e0 unidade situada no Independ\u00eancia Shopping (Avenida Presidente Itamar Franco 3600).<\/p>\n<p><em>Fonte: Ag\u00eancia Brasil e Reda\u00e7\u00e3o<\/em><\/p>\n","protected":false},"excerpt":{"rendered":"<p>Os\u00a0Correios\u00a0deram in\u00edcio nessa ter\u00e7a-feira, 16, ao processo de fechamento de 41 ag\u00eancias\u00a0localizadas em 15 estado do pa\u00eds. Atualmente, os Correios t\u00eam pouco mais de 6,3 mil ag\u00eancias pr\u00f3prias em todo o pa\u00eds, al\u00e9m de 4,3 mil comunit\u00e1rias, 1 mil franqueadas e 127 permission\u00e1rias. Segundo a empresa, o encerramento das atividades dessas ag\u00eancias faz parte do [&hellip;]<\/p>\n","protected":false},"author":96,"featured_media":0,"comment_status":"closed","ping_status":"closed","sticky":false,"template":"","format":"standard","meta":{"footnotes":""},"categories":[253,436,440],"tags":[],"class_list":["post-122925","post","type-post","status-publish","format-standard","hentry","category-cidade","category-destaque-da-semana","category-destaques-do-dia"],"_links":{"self":[{"href":"https:\/\/diarioregionaldigital.com.br\/index.php?rest_route=\/wp\/v2\/posts\/122925","targetHints":{"allow":["GET"]}}],"collection":[{"href":"https:\/\/diarioregionaldigital.com.br\/index.php?rest_route=\/wp\/v2\/posts"}],"about":[{"href":"https:\/\/diarioregionaldigital.com.br\/index.php?rest_route=\/wp\/v2\/types\/post"}],"author":[{"embeddable":true,"href":"https:\/\/diarioregionaldigital.com.br\/index.php?rest_route=\/wp\/v2\/users\/96"}],"replies":[{"embeddable":true,"href":"https:\/\/diarioregionaldigital.com.br\/index.php?rest_route=%2Fwp%2Fv2%2Fcomments&post=122925"}],"version-history":[{"count":0,"href":"https:\/\/diarioregionaldigital.com.br\/index.php?rest_route=\/wp\/v2\/posts\/122925\/revisions"}],"wp:attachment":[{"href":"https:\/\/diarioregionaldigital.com.br\/index.php?rest_route=%2Fwp%2Fv2%2Fmedia&parent=122925"}],"wp:term":[{"taxonomy":"category","embeddable":true,"href":"https:\/\/diarioregionaldigital.com.br\/index.php?rest_route=%2Fwp%2Fv2%2Fcategories&post=122925"},{"taxonomy":"post_tag","embeddable":true,"href":"https:\/\/diarioregionaldigital.com.br\/index.php?rest_route=%2Fwp%2Fv2%2Ftags&post=122925"}],"curies":[{"name":"wp","href":"https:\/\/api.w.org\/{rel}","templated":true}]}}