{"id":122918,"date":"2018-10-17T08:39:23","date_gmt":"2018-10-17T11:39:23","guid":{"rendered":"https:\/\/diarioregionaldigital.com.br\/?p=122918"},"modified":"2018-10-17T08:42:27","modified_gmt":"2018-10-17T11:42:27","slug":"pf-indicia-temer-e-mais-dez-em-inquerito-sobre-decreto-dos-portos","status":"publish","type":"post","link":"https:\/\/diarioregionaldigital.com.br\/?p=122918","title":{"rendered":"PF indicia Temer e mais dez em inqu\u00e9rito sobre Decreto dos Portos"},"content":{"rendered":"<p>A Policia Federal (PF) indiciou o presidente Michel Temer e mais dez pessoas no inqu\u00e9rito que apura o suposto favorecimento da empresa Rodrimar S\/A na edi\u00e7\u00e3o do chamado Decreto dos Portos (Decreto 9.048\/2017), assinado em maio do ano passado pelo presidente. Eles foram indiciados pelos crimes de\u00a0corrup\u00e7\u00e3o passiva, corrup\u00e7\u00e3o ativa, lavagem de dinheiro e organiza\u00e7\u00e3o criminosa.<\/p>\n<p>Os indiciamentos est\u00e3o no relat\u00f3rio final da investiga\u00e7\u00e3o, e foi entregue nessa ter\u00e7a-feira,\u00a016, ao relator do caso no Supremo Tribunal Federal (STF), ministro Lu\u00eds Roberto Barroso. Ap\u00f3s receber o documento, Barroso pediu parecer da Procuradoria-Geral da Rep\u00fablica (PGR), que\u00a0<span id=\"OBJ_PREFIX_DWT11042_com_zimbra_date\" role=\"link\"><span id=\"OBJ_PREFIX_DWT11044_com_zimbra_date\" role=\"link\">ter<\/span><\/span>\u00e1 15 dias para se manifestar sobre eventual den\u00fancia contra os acusados. A filha de Temer, Maristela de Toledo Temer Lulia tamb\u00e9m est\u00e1 na lista de indiciados.<\/p>\n<p>No relat\u00f3rio final, o delegado respons\u00e1vel pelo caso tamb\u00e9m pediu ao Supremo o bloqueio de bens de todos os acusados e pris\u00e3o preventiva de quatro deles, o coronel Jo\u00e3o Batista Lima Filho, amigo de Temer, a arquiteta Maria Rita Fratezi, mulher de Batista, e os investigados Carlos Alberto Costa, s\u00f3cio do coronel, e Almir Martins Ferreira.\u00a0Ao enviar o caso \u00e0 PGR, Barroso tamb\u00e9m proibiu os acusados que tiveram pris\u00e3o solicitada de deixarem o pa\u00eds.<\/p>\n<p>O advogado do presidente no processo envolvendo o inqu\u00e9rito dos portos, Brian Prado, informou que ainda n\u00e3o teve acesso ao relat\u00f3rio e n\u00e3o se manifestar\u00e1 a respeito por enquanto.\u00a0O Pal\u00e1cio Planalto, at\u00e9 o fechamento desta reportagem, n\u00e3o se manifestou a respeito.<\/p>\n<div>\n<p>Indiciados:<\/p>\n<p>1. Michel Miguel Elias Temer Lulia<\/p>\n<p>2. Rodrigo Santos da Rocha Loures (ex-deputado)<\/p>\n<p>3. Ant\u00f4nio Celso Grecco (s\u00f3cio da Rodrimar)<\/p>\n<p>4. Ricardo Conrado Mesquita (s\u00f3cio da Rodrimar)<\/p>\n<p>5. Gon\u00e7alo Borges Torrealba (Grupo Libra)<\/p>\n<p>6 &#8211; Jo\u00e3o Baptista Lima Filho<\/p>\n<p>7. Maria Rita Fratezi<\/p>\n<p>8 &#8211;\u00a0\u00a0Carlos Alberto Costa Filho<\/p>\n<p>9 \u2013 Carlos Alberto Costa<\/p>\n<p>10. Almir Martins Ferreira<\/p>\n<p>11. Maristela de Toledo Temer Lulia (filha de Temer)<\/p>\n<p><em>Fonte: Ag\u00eancia Brasil<\/em><\/p>\n<\/div>\n","protected":false},"excerpt":{"rendered":"<p>A Policia Federal (PF) indiciou o presidente Michel Temer e mais dez pessoas no inqu\u00e9rito que apura o suposto favorecimento da empresa Rodrimar S\/A na edi\u00e7\u00e3o do chamado Decreto dos Portos (Decreto 9.048\/2017), assinado em maio do ano passado pelo presidente. Eles foram indiciados pelos crimes de\u00a0corrup\u00e7\u00e3o passiva, corrup\u00e7\u00e3o ativa, lavagem de dinheiro e organiza\u00e7\u00e3o [&hellip;]<\/p>\n","protected":false},"author":96,"featured_media":0,"comment_status":"closed","ping_status":"closed","sticky":false,"template":"","format":"standard","meta":{"footnotes":""},"categories":[436,254,439],"tags":[],"class_list":["post-122918","post","type-post","status-publish","format-standard","hentry","category-destaque-da-semana","category-politica","category-ultima-hora"],"_links":{"self":[{"href":"https:\/\/diarioregionaldigital.com.br\/index.php?rest_route=\/wp\/v2\/posts\/122918","targetHints":{"allow":["GET"]}}],"collection":[{"href":"https:\/\/diarioregionaldigital.com.br\/index.php?rest_route=\/wp\/v2\/posts"}],"about":[{"href":"https:\/\/diarioregionaldigital.com.br\/index.php?rest_route=\/wp\/v2\/types\/post"}],"author":[{"embeddable":true,"href":"https:\/\/diarioregionaldigital.com.br\/index.php?rest_route=\/wp\/v2\/users\/96"}],"replies":[{"embeddable":true,"href":"https:\/\/diarioregionaldigital.com.br\/index.php?rest_route=%2Fwp%2Fv2%2Fcomments&post=122918"}],"version-history":[{"count":0,"href":"https:\/\/diarioregionaldigital.com.br\/index.php?rest_route=\/wp\/v2\/posts\/122918\/revisions"}],"wp:attachment":[{"href":"https:\/\/diarioregionaldigital.com.br\/index.php?rest_route=%2Fwp%2Fv2%2Fmedia&parent=122918"}],"wp:term":[{"taxonomy":"category","embeddable":true,"href":"https:\/\/diarioregionaldigital.com.br\/index.php?rest_route=%2Fwp%2Fv2%2Fcategories&post=122918"},{"taxonomy":"post_tag","embeddable":true,"href":"https:\/\/diarioregionaldigital.com.br\/index.php?rest_route=%2Fwp%2Fv2%2Ftags&post=122918"}],"curies":[{"name":"wp","href":"https:\/\/api.w.org\/{rel}","templated":true}]}}