{"id":122911,"date":"2018-10-17T08:11:26","date_gmt":"2018-10-17T11:11:26","guid":{"rendered":"https:\/\/diarioregionaldigital.com.br\/?p=122911"},"modified":"2018-10-17T08:11:26","modified_gmt":"2018-10-17T11:11:26","slug":"homem-de-32-anos-e-preso-por-trafico-de-drogas-em-juiz-de-fora","status":"publish","type":"post","link":"https:\/\/diarioregionaldigital.com.br\/?p=122911","title":{"rendered":"Homem de 32 anos \u00e9 preso por tr\u00e1fico de drogas em Juiz de Fora"},"content":{"rendered":"<p>Na tarde dessa ter\u00e7a-feira, equipe da Pol\u00edcia Militar prendeu um homem de 32 anos por trafico de drogas no bairro Nova Germ\u00e2nia, zona Oeste de Juiz de Fora. O autor foi encontrado na Rua Jo\u00e3o de Deus com uma mochila com 11 tabletes de subst\u00e2ncia semelhante \u00e0 maconha.<\/p>\n<p>Os policiais foram ainda at\u00e9 \u00e1 casa do indiv\u00edduo, onde foram localizados mais dois tabletes de maconha, uma balan\u00e7a de precis\u00e3o, R$59 e dois rolos de papel pl\u00e1stico usados para enrolar a droga.<\/p>\n<p>O autor confessou \u00e0 PM que vendia drogas para alguns amigos. Ele foi preso em flagrante e conduzido para a delegacia.<\/p>\n","protected":false},"excerpt":{"rendered":"<p>Na tarde dessa ter\u00e7a-feira, equipe da Pol\u00edcia Militar prendeu um homem de 32 anos por trafico de drogas no bairro Nova Germ\u00e2nia, zona Oeste de Juiz de Fora. O autor foi encontrado na Rua Jo\u00e3o de Deus com uma mochila com 11 tabletes de subst\u00e2ncia semelhante \u00e0 maconha. Os policiais foram ainda at\u00e9 \u00e1 casa [&hellip;]<\/p>\n","protected":false},"author":96,"featured_media":95836,"comment_status":"closed","ping_status":"closed","sticky":false,"template":"","format":"standard","meta":{"footnotes":""},"categories":[301],"tags":[],"class_list":["post-122911","post","type-post","status-publish","format-standard","has-post-thumbnail","hentry","category-artigos-policiais"],"_links":{"self":[{"href":"https:\/\/diarioregionaldigital.com.br\/index.php?rest_route=\/wp\/v2\/posts\/122911","targetHints":{"allow":["GET"]}}],"collection":[{"href":"https:\/\/diarioregionaldigital.com.br\/index.php?rest_route=\/wp\/v2\/posts"}],"about":[{"href":"https:\/\/diarioregionaldigital.com.br\/index.php?rest_route=\/wp\/v2\/types\/post"}],"author":[{"embeddable":true,"href":"https:\/\/diarioregionaldigital.com.br\/index.php?rest_route=\/wp\/v2\/users\/96"}],"replies":[{"embeddable":true,"href":"https:\/\/diarioregionaldigital.com.br\/index.php?rest_route=%2Fwp%2Fv2%2Fcomments&post=122911"}],"version-history":[{"count":0,"href":"https:\/\/diarioregionaldigital.com.br\/index.php?rest_route=\/wp\/v2\/posts\/122911\/revisions"}],"wp:featuredmedia":[{"embeddable":true,"href":"https:\/\/diarioregionaldigital.com.br\/index.php?rest_route=\/wp\/v2\/media\/95836"}],"wp:attachment":[{"href":"https:\/\/diarioregionaldigital.com.br\/index.php?rest_route=%2Fwp%2Fv2%2Fmedia&parent=122911"}],"wp:term":[{"taxonomy":"category","embeddable":true,"href":"https:\/\/diarioregionaldigital.com.br\/index.php?rest_route=%2Fwp%2Fv2%2Fcategories&post=122911"},{"taxonomy":"post_tag","embeddable":true,"href":"https:\/\/diarioregionaldigital.com.br\/index.php?rest_route=%2Fwp%2Fv2%2Ftags&post=122911"}],"curies":[{"name":"wp","href":"https:\/\/api.w.org\/{rel}","templated":true}]}}