{"id":122908,"date":"2018-10-17T08:00:13","date_gmt":"2018-10-17T11:00:13","guid":{"rendered":"https:\/\/diarioregionaldigital.com.br\/?p=122908"},"modified":"2018-10-17T08:00:13","modified_gmt":"2018-10-17T11:00:13","slug":"policia-militar-prende-tres-pessoas-por-receptacao-no-bairro-novo-triunfo","status":"publish","type":"post","link":"https:\/\/diarioregionaldigital.com.br\/?p=122908","title":{"rendered":"Pol\u00edcia Militar prende tr\u00eas pessoas por recepta\u00e7\u00e3o no bairro Novo Triunfo"},"content":{"rendered":"<p>Tr\u00eas pessoas foram presas em Juiz de Fora nessa ter\u00e7a-feira, 16, pelo crime de recepta\u00e7\u00e3o. Eles foram pegos pela Pol\u00edcia Militar (PM) com um carro roubado enquanto transitavam, por volta das 23h, pela Rua Madre Tereza de Calcut\u00e1, no bairro Novo Triunfo, na zona Norte da cidade.<\/p>\n<p>De acordo com o registro de ocorr\u00eancia feito pela PM, os policiais solicitaram que o condutor do ve\u00edculo parasse o carro, pedido que foi atendido pelo motorista. Do ve\u00edculo, desceram uma mulher e tr\u00eas homens, sendo que um deles fugiu assim que desembarcou, n\u00e3o sendo mais localizado pela equipe policial.<\/p>\n<p>Ao consultar a placa e caracter\u00edsticas do carro, a PM constatou que se tratava de um ve\u00edculo roubado na cidade de Matias Barbosa, na \u00faltima sexta-feira, 12.<\/p>\n<p>Os tr\u00eas autores foram presos em flagrante e encaminhados para a delegacia. J\u00e1 o ve\u00edculo foi removido para o p\u00e1tio da empresa conveniada.<\/p>\n","protected":false},"excerpt":{"rendered":"<p>Tr\u00eas pessoas foram presas em Juiz de Fora nessa ter\u00e7a-feira, 16, pelo crime de recepta\u00e7\u00e3o. Eles foram pegos pela Pol\u00edcia Militar (PM) com um carro roubado enquanto transitavam, por volta das 23h, pela Rua Madre Tereza de Calcut\u00e1, no bairro Novo Triunfo, na zona Norte da cidade. De acordo com o registro de ocorr\u00eancia feito [&hellip;]<\/p>\n","protected":false},"author":96,"featured_media":95836,"comment_status":"closed","ping_status":"closed","sticky":false,"template":"","format":"standard","meta":{"footnotes":""},"categories":[301],"tags":[],"class_list":["post-122908","post","type-post","status-publish","format-standard","has-post-thumbnail","hentry","category-artigos-policiais"],"_links":{"self":[{"href":"https:\/\/diarioregionaldigital.com.br\/index.php?rest_route=\/wp\/v2\/posts\/122908","targetHints":{"allow":["GET"]}}],"collection":[{"href":"https:\/\/diarioregionaldigital.com.br\/index.php?rest_route=\/wp\/v2\/posts"}],"about":[{"href":"https:\/\/diarioregionaldigital.com.br\/index.php?rest_route=\/wp\/v2\/types\/post"}],"author":[{"embeddable":true,"href":"https:\/\/diarioregionaldigital.com.br\/index.php?rest_route=\/wp\/v2\/users\/96"}],"replies":[{"embeddable":true,"href":"https:\/\/diarioregionaldigital.com.br\/index.php?rest_route=%2Fwp%2Fv2%2Fcomments&post=122908"}],"version-history":[{"count":0,"href":"https:\/\/diarioregionaldigital.com.br\/index.php?rest_route=\/wp\/v2\/posts\/122908\/revisions"}],"wp:featuredmedia":[{"embeddable":true,"href":"https:\/\/diarioregionaldigital.com.br\/index.php?rest_route=\/wp\/v2\/media\/95836"}],"wp:attachment":[{"href":"https:\/\/diarioregionaldigital.com.br\/index.php?rest_route=%2Fwp%2Fv2%2Fmedia&parent=122908"}],"wp:term":[{"taxonomy":"category","embeddable":true,"href":"https:\/\/diarioregionaldigital.com.br\/index.php?rest_route=%2Fwp%2Fv2%2Fcategories&post=122908"},{"taxonomy":"post_tag","embeddable":true,"href":"https:\/\/diarioregionaldigital.com.br\/index.php?rest_route=%2Fwp%2Fv2%2Ftags&post=122908"}],"curies":[{"name":"wp","href":"https:\/\/api.w.org\/{rel}","templated":true}]}}