{"id":122905,"date":"2018-10-17T07:49:31","date_gmt":"2018-10-17T10:49:31","guid":{"rendered":"https:\/\/diarioregionaldigital.com.br\/?p=122905"},"modified":"2018-10-17T07:50:45","modified_gmt":"2018-10-17T10:50:45","slug":"jovem-e-preso-por-roubo-de-celular-na-zona-leste-de-jf","status":"publish","type":"post","link":"https:\/\/diarioregionaldigital.com.br\/?p=122905","title":{"rendered":"Jovem \u00e9 preso por roubo de celular na zona Leste de JF"},"content":{"rendered":"<p>Na noite dessa ter\u00e7a-feira, 16, um homem de 44 anos foi assaltado na Rua Nossa Senhora Aparecida, no bairro de mesmo nome, localizado na regi\u00e3o Leste de Juiz de Fora. Segundo a v\u00edtima, por volta das 18h30, ela foi abordada por um jovem que, simulando estar armado, a obrigou a entregar o aparelho celular e, em seguida fugiu.<\/p>\n<p>Com as informa\u00e7\u00f5es sobre a apar\u00eancia do autor, a Pol\u00edcia Militar (PM) fez rastreamento na regi\u00e3o e conseguiu localiz\u00e1-lo. O assaltante tem 19 anos e j\u00e1 \u00e9 conhecido pela PM por v\u00e1rias passagens policiais. Ele foi preso e encaminhado \u00e0 delegacia. O celular roubado n\u00e3o foi encontrado.<\/p>\n","protected":false},"excerpt":{"rendered":"<p>Na noite dessa ter\u00e7a-feira, 16, um homem de 44 anos foi assaltado na Rua Nossa Senhora Aparecida, no bairro de mesmo nome, localizado na regi\u00e3o Leste de Juiz de Fora. Segundo a v\u00edtima, por volta das 18h30, ela foi abordada por um jovem que, simulando estar armado, a obrigou a entregar o aparelho celular e, [&hellip;]<\/p>\n","protected":false},"author":96,"featured_media":95836,"comment_status":"closed","ping_status":"closed","sticky":false,"template":"","format":"standard","meta":{"footnotes":""},"categories":[301],"tags":[],"class_list":["post-122905","post","type-post","status-publish","format-standard","has-post-thumbnail","hentry","category-artigos-policiais"],"_links":{"self":[{"href":"https:\/\/diarioregionaldigital.com.br\/index.php?rest_route=\/wp\/v2\/posts\/122905","targetHints":{"allow":["GET"]}}],"collection":[{"href":"https:\/\/diarioregionaldigital.com.br\/index.php?rest_route=\/wp\/v2\/posts"}],"about":[{"href":"https:\/\/diarioregionaldigital.com.br\/index.php?rest_route=\/wp\/v2\/types\/post"}],"author":[{"embeddable":true,"href":"https:\/\/diarioregionaldigital.com.br\/index.php?rest_route=\/wp\/v2\/users\/96"}],"replies":[{"embeddable":true,"href":"https:\/\/diarioregionaldigital.com.br\/index.php?rest_route=%2Fwp%2Fv2%2Fcomments&post=122905"}],"version-history":[{"count":0,"href":"https:\/\/diarioregionaldigital.com.br\/index.php?rest_route=\/wp\/v2\/posts\/122905\/revisions"}],"wp:featuredmedia":[{"embeddable":true,"href":"https:\/\/diarioregionaldigital.com.br\/index.php?rest_route=\/wp\/v2\/media\/95836"}],"wp:attachment":[{"href":"https:\/\/diarioregionaldigital.com.br\/index.php?rest_route=%2Fwp%2Fv2%2Fmedia&parent=122905"}],"wp:term":[{"taxonomy":"category","embeddable":true,"href":"https:\/\/diarioregionaldigital.com.br\/index.php?rest_route=%2Fwp%2Fv2%2Fcategories&post=122905"},{"taxonomy":"post_tag","embeddable":true,"href":"https:\/\/diarioregionaldigital.com.br\/index.php?rest_route=%2Fwp%2Fv2%2Ftags&post=122905"}],"curies":[{"name":"wp","href":"https:\/\/api.w.org\/{rel}","templated":true}]}}