{"id":122895,"date":"2018-10-17T06:00:27","date_gmt":"2018-10-17T09:00:27","guid":{"rendered":"https:\/\/diarioregionaldigital.com.br\/?p=122895"},"modified":"2018-10-16T20:32:53","modified_gmt":"2018-10-16T23:32:53","slug":"edital-de-convocacao-age-sindedif-jf-condominios-17-10-18","status":"publish","type":"post","link":"https:\/\/diarioregionaldigital.com.br\/?p=122895","title":{"rendered":"Edital de Convoca\u00e7\u00e3o Age Sindedif-Jf Condom\u00ednios 17\/10\/18"},"content":{"rendered":"<p style=\"text-align: center;\"><strong>SINDICATO DOS EMPREGADOS EM EDIF\u00cdCIOS E EMPREGADOS EM EMPRESAS DE COMPRA, VENDA, LOCA\u00c7\u00c3O E ADMINISTRA\u00c7\u00c3O DE IM\u00d3VEIS COMERCIAIS E RESIDENCIAIS DE JUIZ DE FORA \u2013 SINDEDIF-JF \u2013 EDITAL DE CONVOCA\u00c7\u00c3O &#8211; ASSEMBLEIA GERAL EXTRAORDIN\u00c1RIA<\/strong> &#8211; O Presidente do Sindicato, no uso de suas atribui\u00e7\u00f5es Estatut\u00e1rias, convoca todos os trabalhadores integrantes da categoria (empregados nos condom\u00ednios de Juiz de Fora), associados ou n\u00e3o, para participarem da Assembleia Geral Extraordin\u00e1ria, a se realizar na sede do Sindicato, na Av. Get\u00falio Vargas, N\u00ba 828, Sala 603, Centro \u2013 Juiz de Fora \u2013 MG, no dia 22 de outubro de 2018, \u00e0s 17:00 horas, em primeira convoca\u00e7\u00e3o, ou caso n\u00e3o haja \u201cquorum\u201d, \u00e0s 18:00 horas, em segunda convoca\u00e7\u00e3o, com qualquer n\u00famero de presentes, para tratar da seguinte ordem do dia:\u00a0 1)\u00a0 Leitura do Edital de Convoca\u00e7\u00e3o: 2)\u00a0 Leitura, discuss\u00e3o e aprova\u00e7\u00e3o (ou n\u00e3o) da Ata anterior; 3) Elabora\u00e7\u00e3o, discuss\u00e3o e aprova\u00e7\u00e3o (ou n\u00e3o) da Pauta de Reivindica\u00e7\u00f5es da categoria a ser encaminhada ao Sindicato dos Condom\u00ednios de Juiz de Fora e da Zona da Mata Mineira, com vistas \u00e0\u00a0 celebra\u00e7\u00e3o de Termo Aditivo \u00e0 Conven\u00e7\u00e3o Coletiva de Trabalho\/2018-2019 da classe, cuja data-base \u00e9 01 de janeiro; 4) Autoriza\u00e7\u00e3o \u00e0 Diretoria do Sindicato para celebrar Acordo Coletivo de Trabalho e\/ou Termo Aditivo \u00e0 Conven\u00e7\u00e3o Coletiva de Trabalho\/2018-2019 da classe, ou, na sua impossibilidade, suscitar Diss\u00eddio Coletivo perante o Egr\u00e9gio Tribunal Regional do Trabalho da 3a Regi\u00e3o, em Belo Horizonte; 5) Autoriza\u00e7\u00e3o (ou n\u00e3o), pela Assembleia, de Contribui\u00e7\u00e3o Sindical e\/ou Contribui\u00e7\u00e3o Assistencial\/Negocial mensal e\/ou anual em favor do Sindicato Profissional, na forma do disposto no Inciso IV do Art. 8\u00ba da Constitui\u00e7\u00e3o Federal; Art. 513, al\u00ednea\u00a0 \u201ce \u201c, da CLT, e outros dispositivos legais vigentes; Estatuto da Entidade; e no Art. 8\u00ba da Conven\u00e7\u00e3o 95 da OIT, aprovada e promulgada pelo Brasil (com vig\u00eancia nacional desde 25\/04\/1958); e 6 &#8211; Encerramento. Juiz de Fora (MG), 16 de outubro de 2018. Luiz Jos\u00e9 da Silva \u2013 Presidente.<\/p>\n","protected":false},"excerpt":{"rendered":"<p>SINDICATO DOS EMPREGADOS EM EDIF\u00cdCIOS E EMPREGADOS EM EMPRESAS DE COMPRA, VENDA, LOCA\u00c7\u00c3O E ADMINISTRA\u00c7\u00c3O DE IM\u00d3VEIS COMERCIAIS E RESIDENCIAIS DE JUIZ DE FORA \u2013 SINDEDIF-JF \u2013 EDITAL DE CONVOCA\u00c7\u00c3O &#8211; ASSEMBLEIA GERAL EXTRAORDIN\u00c1RIA &#8211; O Presidente do Sindicato, no uso de suas atribui\u00e7\u00f5es Estatut\u00e1rias, convoca todos os trabalhadores integrantes da categoria (empregados nos condom\u00ednios [&hellip;]<\/p>\n","protected":false},"author":96,"featured_media":0,"comment_status":"closed","ping_status":"closed","sticky":false,"template":"","format":"standard","meta":{"footnotes":""},"categories":[307],"tags":[],"class_list":["post-122895","post","type-post","status-publish","format-standard","hentry","category-editais"],"_links":{"self":[{"href":"https:\/\/diarioregionaldigital.com.br\/index.php?rest_route=\/wp\/v2\/posts\/122895","targetHints":{"allow":["GET"]}}],"collection":[{"href":"https:\/\/diarioregionaldigital.com.br\/index.php?rest_route=\/wp\/v2\/posts"}],"about":[{"href":"https:\/\/diarioregionaldigital.com.br\/index.php?rest_route=\/wp\/v2\/types\/post"}],"author":[{"embeddable":true,"href":"https:\/\/diarioregionaldigital.com.br\/index.php?rest_route=\/wp\/v2\/users\/96"}],"replies":[{"embeddable":true,"href":"https:\/\/diarioregionaldigital.com.br\/index.php?rest_route=%2Fwp%2Fv2%2Fcomments&post=122895"}],"version-history":[{"count":0,"href":"https:\/\/diarioregionaldigital.com.br\/index.php?rest_route=\/wp\/v2\/posts\/122895\/revisions"}],"wp:attachment":[{"href":"https:\/\/diarioregionaldigital.com.br\/index.php?rest_route=%2Fwp%2Fv2%2Fmedia&parent=122895"}],"wp:term":[{"taxonomy":"category","embeddable":true,"href":"https:\/\/diarioregionaldigital.com.br\/index.php?rest_route=%2Fwp%2Fv2%2Fcategories&post=122895"},{"taxonomy":"post_tag","embeddable":true,"href":"https:\/\/diarioregionaldigital.com.br\/index.php?rest_route=%2Fwp%2Fv2%2Ftags&post=122895"}],"curies":[{"name":"wp","href":"https:\/\/api.w.org\/{rel}","templated":true}]}}