{"id":122856,"date":"2018-10-16T16:50:19","date_gmt":"2018-10-16T19:50:19","guid":{"rendered":"https:\/\/diarioregionaldigital.com.br\/?p=122856"},"modified":"2018-10-16T16:50:19","modified_gmt":"2018-10-16T19:50:19","slug":"aprovado-pela-aneel-aumento-nas-contas-de-luz-da-ceb-esta-suspenso","status":"publish","type":"post","link":"https:\/\/diarioregionaldigital.com.br\/?p=122856","title":{"rendered":"Aprovado pela Aneel, aumento nas contas de luz da CEB est\u00e1 suspenso"},"content":{"rendered":"<p>A Ag\u00eancia Nacional de Energia El\u00e9trica (Aneel) aprovou nessa ter\u00e7a-feira, 16, a revis\u00e3o nas tarifas de energia para os consumidores atendidos pela Companhia Energ\u00e9tica de Bras\u00edlia (CEB) Distribui\u00e7\u00e3o. Entretanto, o reajuste est\u00e1 suspenso at\u00e9 que a empresa quite seus d\u00e9bitos com encargos setoriais. A CEB deve mais de R$150 milh\u00f5es em encargos intrasetoriais. Caso a empresa resolva suas pend\u00eancias, os novos valores poder\u00e3o ser cobrados a partir do dia 22.<\/p>\n<p>O reajuste m\u00e9dio aprovado pela ag\u00eancia foi 6,50%. Para os consumidores residenciais, o aumento ser\u00e1 6,15%. Para os consumidores atendidos na alta tens\u00e3o, o aumento ser\u00e1 7,31% e para os atendidos na baixa tens\u00e3o, ser\u00e1 6,18%.<\/p>\n<p>A empresa atende 1,1 milh\u00e3o de unidades consumidoras localizadas no Distrito Federal. O reajuste entrar\u00e1 em vigor a partir de 22 de outubro caso a empresa fique adimplente com as obriga\u00e7\u00f5es setoriais.<\/p>\n<p>O impedimento do reajuste devido ao n\u00e3o pagamento dos encargos do setor el\u00e9trico est\u00e1 previsto no Artigo 10 da Lei N\u00ba 8.631\/1993. Ao calcular o reajuste, conforme estabelecido no contrato de concess\u00e3o, a Aneel considera a varia\u00e7\u00e3o de custos associados \u00e0 presta\u00e7\u00e3o do servi\u00e7o.<\/p>\n<p>&#8220;No caso da CEB, os itens que mais impactaram o reajuste foram os custos de aquisi\u00e7\u00e3o de energia e encargos setoriais&#8221;, disse a Aneel.<\/p>\n<p>&nbsp;<\/p>\n<p>Fonte: Ag\u00eancia Brasil<\/p>\n","protected":false},"excerpt":{"rendered":"<p>A Ag\u00eancia Nacional de Energia El\u00e9trica (Aneel) aprovou nessa ter\u00e7a-feira, 16, a revis\u00e3o nas tarifas de energia para os consumidores atendidos pela Companhia Energ\u00e9tica de Bras\u00edlia (CEB) Distribui\u00e7\u00e3o. Entretanto, o reajuste est\u00e1 suspenso at\u00e9 que a empresa quite seus d\u00e9bitos com encargos setoriais. A CEB deve mais de R$150 milh\u00f5es em encargos intrasetoriais. Caso a [&hellip;]<\/p>\n","protected":false},"author":96,"featured_media":115163,"comment_status":"closed","ping_status":"closed","sticky":false,"template":"","format":"standard","meta":{"footnotes":""},"categories":[261,439],"tags":[],"class_list":["post-122856","post","type-post","status-publish","format-standard","has-post-thumbnail","hentry","category-economia","category-ultima-hora"],"_links":{"self":[{"href":"https:\/\/diarioregionaldigital.com.br\/index.php?rest_route=\/wp\/v2\/posts\/122856","targetHints":{"allow":["GET"]}}],"collection":[{"href":"https:\/\/diarioregionaldigital.com.br\/index.php?rest_route=\/wp\/v2\/posts"}],"about":[{"href":"https:\/\/diarioregionaldigital.com.br\/index.php?rest_route=\/wp\/v2\/types\/post"}],"author":[{"embeddable":true,"href":"https:\/\/diarioregionaldigital.com.br\/index.php?rest_route=\/wp\/v2\/users\/96"}],"replies":[{"embeddable":true,"href":"https:\/\/diarioregionaldigital.com.br\/index.php?rest_route=%2Fwp%2Fv2%2Fcomments&post=122856"}],"version-history":[{"count":0,"href":"https:\/\/diarioregionaldigital.com.br\/index.php?rest_route=\/wp\/v2\/posts\/122856\/revisions"}],"wp:featuredmedia":[{"embeddable":true,"href":"https:\/\/diarioregionaldigital.com.br\/index.php?rest_route=\/wp\/v2\/media\/115163"}],"wp:attachment":[{"href":"https:\/\/diarioregionaldigital.com.br\/index.php?rest_route=%2Fwp%2Fv2%2Fmedia&parent=122856"}],"wp:term":[{"taxonomy":"category","embeddable":true,"href":"https:\/\/diarioregionaldigital.com.br\/index.php?rest_route=%2Fwp%2Fv2%2Fcategories&post=122856"},{"taxonomy":"post_tag","embeddable":true,"href":"https:\/\/diarioregionaldigital.com.br\/index.php?rest_route=%2Fwp%2Fv2%2Ftags&post=122856"}],"curies":[{"name":"wp","href":"https:\/\/api.w.org\/{rel}","templated":true}]}}