{"id":122835,"date":"2018-10-16T14:45:50","date_gmt":"2018-10-16T17:45:50","guid":{"rendered":"https:\/\/diarioregionaldigital.com.br\/?p=122835"},"modified":"2018-10-16T16:03:45","modified_gmt":"2018-10-16T19:03:45","slug":"prefeitura-esclarece-informacoes-sobre-instalacao-de-novos-radares-em-juiz-de-fora","status":"publish","type":"post","link":"https:\/\/diarioregionaldigital.com.br\/?p=122835","title":{"rendered":"Prefeitura esclarece informa\u00e7\u00f5es sobre instala\u00e7\u00e3o de novos radares em Juiz de Fora"},"content":{"rendered":"<p>Ap\u00f3s in\u00fameros questionamentos nas redes sociais sobre a instala\u00e7\u00e3o de 30 novos radares em diversos pontos da cidade, a equipe do Di\u00e1rio Regional entrou em contato com a Secretaria de Transporte e Tr\u00e2nsito, Settra, que respondeu atrav\u00e9s de uma nota. <em>\u00a0\u201cN\u00e3o existe a instala\u00e7\u00e3o de novos radares. S\u00e3o apenas equipamentos em teste na Avenida Brasil pr\u00f3ximo ao Jardim Norte. \u00c9 mais uma etapa da licita\u00e7\u00e3o.\u201d<\/em><\/p>\n","protected":false},"excerpt":{"rendered":"<p>Ap\u00f3s in\u00fameros questionamentos nas redes sociais sobre a instala\u00e7\u00e3o de 30 novos radares em diversos pontos da cidade, a equipe do Di\u00e1rio Regional entrou em contato com a Secretaria de Transporte e Tr\u00e2nsito, Settra, que respondeu atrav\u00e9s de uma nota. \u00a0\u201cN\u00e3o existe a instala\u00e7\u00e3o de novos radares. S\u00e3o apenas equipamentos em teste na Avenida Brasil [&hellip;]<\/p>\n","protected":false},"author":96,"featured_media":112697,"comment_status":"closed","ping_status":"closed","sticky":false,"template":"","format":"standard","meta":{"footnotes":""},"categories":[253,436,440,439],"tags":[],"class_list":["post-122835","post","type-post","status-publish","format-standard","has-post-thumbnail","hentry","category-cidade","category-destaque-da-semana","category-destaques-do-dia","category-ultima-hora"],"_links":{"self":[{"href":"https:\/\/diarioregionaldigital.com.br\/index.php?rest_route=\/wp\/v2\/posts\/122835","targetHints":{"allow":["GET"]}}],"collection":[{"href":"https:\/\/diarioregionaldigital.com.br\/index.php?rest_route=\/wp\/v2\/posts"}],"about":[{"href":"https:\/\/diarioregionaldigital.com.br\/index.php?rest_route=\/wp\/v2\/types\/post"}],"author":[{"embeddable":true,"href":"https:\/\/diarioregionaldigital.com.br\/index.php?rest_route=\/wp\/v2\/users\/96"}],"replies":[{"embeddable":true,"href":"https:\/\/diarioregionaldigital.com.br\/index.php?rest_route=%2Fwp%2Fv2%2Fcomments&post=122835"}],"version-history":[{"count":0,"href":"https:\/\/diarioregionaldigital.com.br\/index.php?rest_route=\/wp\/v2\/posts\/122835\/revisions"}],"wp:featuredmedia":[{"embeddable":true,"href":"https:\/\/diarioregionaldigital.com.br\/index.php?rest_route=\/wp\/v2\/media\/112697"}],"wp:attachment":[{"href":"https:\/\/diarioregionaldigital.com.br\/index.php?rest_route=%2Fwp%2Fv2%2Fmedia&parent=122835"}],"wp:term":[{"taxonomy":"category","embeddable":true,"href":"https:\/\/diarioregionaldigital.com.br\/index.php?rest_route=%2Fwp%2Fv2%2Fcategories&post=122835"},{"taxonomy":"post_tag","embeddable":true,"href":"https:\/\/diarioregionaldigital.com.br\/index.php?rest_route=%2Fwp%2Fv2%2Ftags&post=122835"}],"curies":[{"name":"wp","href":"https:\/\/api.w.org\/{rel}","templated":true}]}}