{"id":122829,"date":"2018-10-16T15:19:53","date_gmt":"2018-10-16T18:19:53","guid":{"rendered":"https:\/\/diarioregionaldigital.com.br\/?p=122829"},"modified":"2018-10-16T15:19:53","modified_gmt":"2018-10-16T18:19:53","slug":"sus-vai-oferecer-novo-medicamento-contra-hepatite-c","status":"publish","type":"post","link":"https:\/\/diarioregionaldigital.com.br\/?p=122829","title":{"rendered":"SUS vai oferecer novo medicamento contra hepatite C"},"content":{"rendered":"<p>Portaria do Minist\u00e9rio da Sa\u00fade publicada nessa ter\u00e7a-feira, 16, incorpora o medicamento Sofosbuvir em associa\u00e7\u00e3o ao Velpatasvir para o tratamento da hepatite Cr\u00f4nica no \u00e2mbito do Sistema \u00danico de Sa\u00fade (SUS).<\/p>\n<p>De acordo com o texto, o prazo m\u00e1ximo para efetivar a oferta na rede p\u00fablica \u00e9 de 180 dias. O relat\u00f3rio de recomenda\u00e7\u00e3o da Comiss\u00e3o Nacional de Incorpora\u00e7\u00e3o de Tecnologias no SUS (Conitec) sobre o medicamento est\u00e1 dispon\u00edvel no site.<\/p>\n<p>A Conitec informou, por meio de nota, que a associa\u00e7\u00e3o entre o Sofosbuvir (400 mg) e o Velpatasvir (100 mg) ser\u00e1 utilizada de acordo com o protocolo cl\u00ednico para o tratamento da doen\u00e7a e apresenta uma posologia bastante favor\u00e1vel e c\u00f4moda ao paciente (um comprimido ao dia).<\/p>\n<p>\u201cAl\u00e9m disso, a medica\u00e7\u00e3o trata todos os gen\u00f3tipos do v\u00edrus da hepatite C e, dependendo da condi\u00e7\u00e3o cl\u00ednica dos pacientes, o tratamento pode durar 12 semanas com alta efic\u00e1cia e seguran\u00e7a\u201d, destacou a comiss\u00e3o.<\/p>\n<p><strong>A doen\u00e7a<\/strong><\/p>\n<p>Dados do Minist\u00e9rio da Sa\u00fade mostram que cerca de 80% das pessoas que contraem o v\u00edrus da hepatite C v\u00e3o desenvolver a forma cr\u00f4nica da doen\u00e7a.<\/p>\n<p>A infec\u00e7\u00e3o \u00e9, geralmente, acompanhada por sintomas inespec\u00edficos \u2013 as primeiras manifesta\u00e7\u00f5es cl\u00ednicas caracter\u00edsticas aparecem j\u00e1 nas fases mais adiantadas da doen\u00e7a.<\/p>\n<p>&nbsp;<\/p>\n<p>Fonte: Ag\u00eancia Brasil<\/p>\n<p>&nbsp;<\/p>\n","protected":false},"excerpt":{"rendered":"<p>Portaria do Minist\u00e9rio da Sa\u00fade publicada nessa ter\u00e7a-feira, 16, incorpora o medicamento Sofosbuvir em associa\u00e7\u00e3o ao Velpatasvir para o tratamento da hepatite Cr\u00f4nica no \u00e2mbito do Sistema \u00danico de Sa\u00fade (SUS). De acordo com o texto, o prazo m\u00e1ximo para efetivar a oferta na rede p\u00fablica \u00e9 de 180 dias. O relat\u00f3rio de recomenda\u00e7\u00e3o da [&hellip;]<\/p>\n","protected":false},"author":96,"featured_media":122830,"comment_status":"closed","ping_status":"closed","sticky":false,"template":"","format":"standard","meta":{"footnotes":""},"categories":[302,436,439],"tags":[],"class_list":["post-122829","post","type-post","status-publish","format-standard","has-post-thumbnail","hentry","category-brasil-mundo","category-destaque-da-semana","category-ultima-hora"],"_links":{"self":[{"href":"https:\/\/diarioregionaldigital.com.br\/index.php?rest_route=\/wp\/v2\/posts\/122829","targetHints":{"allow":["GET"]}}],"collection":[{"href":"https:\/\/diarioregionaldigital.com.br\/index.php?rest_route=\/wp\/v2\/posts"}],"about":[{"href":"https:\/\/diarioregionaldigital.com.br\/index.php?rest_route=\/wp\/v2\/types\/post"}],"author":[{"embeddable":true,"href":"https:\/\/diarioregionaldigital.com.br\/index.php?rest_route=\/wp\/v2\/users\/96"}],"replies":[{"embeddable":true,"href":"https:\/\/diarioregionaldigital.com.br\/index.php?rest_route=%2Fwp%2Fv2%2Fcomments&post=122829"}],"version-history":[{"count":0,"href":"https:\/\/diarioregionaldigital.com.br\/index.php?rest_route=\/wp\/v2\/posts\/122829\/revisions"}],"wp:featuredmedia":[{"embeddable":true,"href":"https:\/\/diarioregionaldigital.com.br\/index.php?rest_route=\/wp\/v2\/media\/122830"}],"wp:attachment":[{"href":"https:\/\/diarioregionaldigital.com.br\/index.php?rest_route=%2Fwp%2Fv2%2Fmedia&parent=122829"}],"wp:term":[{"taxonomy":"category","embeddable":true,"href":"https:\/\/diarioregionaldigital.com.br\/index.php?rest_route=%2Fwp%2Fv2%2Fcategories&post=122829"},{"taxonomy":"post_tag","embeddable":true,"href":"https:\/\/diarioregionaldigital.com.br\/index.php?rest_route=%2Fwp%2Fv2%2Ftags&post=122829"}],"curies":[{"name":"wp","href":"https:\/\/api.w.org\/{rel}","templated":true}]}}