{"id":122820,"date":"2018-10-16T14:29:22","date_gmt":"2018-10-16T17:29:22","guid":{"rendered":"https:\/\/diarioregionaldigital.com.br\/?p=122820"},"modified":"2018-10-16T14:29:22","modified_gmt":"2018-10-16T17:29:22","slug":"cbf-define-arbitragem-da-final-entre-corinthians-e-cruzeiro","status":"publish","type":"post","link":"https:\/\/diarioregionaldigital.com.br\/?p=122820","title":{"rendered":"CBF define arbitragem da final entre Corinthians e Cruzeiro"},"content":{"rendered":"<p>O carioca Wagner do Nascimento Magalh\u00e3es ter\u00e1 a responsabilidade de comandar a grande final da\u00a0 Copa do Brasil. Na tarde dessa segunda-feira, a Confedera\u00e7\u00e3o Brasileira de Futebol (CBF) anunciou toda a equipe de arbitragem para o confronto dessa quarta-feira, \u00e0s 21h45, na Arena Corinthians.<\/p>\n<p>Al\u00e9m do \u00e1rbitro, os assistentes Rodrigo Figueiredo Henrique Correa e Bruno Boschilia tamb\u00e9m est\u00e3o escalados. Ambos tamb\u00e9m s\u00e3o do Rio de Janeiro. O quarto \u00e1rbitro ser\u00e1 ga\u00facho e responde por Jean Pierre Gon\u00e7alves Lima.<\/p>\n<p>Wagner do Nascimento Magalh\u00e3es j\u00e1 apitou um jogo do Corinthians na atual edi\u00e7\u00e3o da Copa do Brasil, e o Tim\u00e3o saiu vencedor diante da Chapecoense, por 1 a 0, em Itaquera, pelas quartas de final. J\u00e1 o Cruzeiro conseguiu sua classifica\u00e7\u00e3o \u00e0 final justamente em uma partida dirigida por Wagner do Nascimento Magalh\u00e3es, contra o Palmeiras. O empate por 1 a 1 no Mineir\u00e3o, na ocasi\u00e3o, satisfez os mineiros.<\/p>\n<p>Al\u00e9m do quarteto, a equipe da arbitragem ainda ter\u00e1 Luiz Claudio Regazone como quinto \u00e1rbitro e Ricardo Mauricio Ferreira de Almeida como analista de campo.<\/p>\n<p>O \u00e1rbitro de v\u00eddeo, exclusividade da Copa do Brasil aqui no pa\u00eds, ser\u00e1 o goiano Wilton Pereira Sampaio.<\/p>\n<p>O Alvinegro do Parque S\u00e3o Jorge precisa de uma vit\u00f3ria por dois gols de diferen\u00e7a para ficar com a ta\u00e7a no tempo normal. Uma vit\u00f3ria magra dos paulistas leva a defini\u00e7\u00e3o aos p\u00eanaltis. Qualquer triunfo do Cruzeiro ou empate d\u00e1 o t\u00edtulo \u00e0 Raposa, em fun\u00e7\u00e3o do\u00a0 1 a 0 conquistado no jogo de ida.<\/p>\n<p>&nbsp;<\/p>\n<p>Fonte: CBF<\/p>\n","protected":false},"excerpt":{"rendered":"<p>O carioca Wagner do Nascimento Magalh\u00e3es ter\u00e1 a responsabilidade de comandar a grande final da\u00a0 Copa do Brasil. Na tarde dessa segunda-feira, a Confedera\u00e7\u00e3o Brasileira de Futebol (CBF) anunciou toda a equipe de arbitragem para o confronto dessa quarta-feira, \u00e0s 21h45, na Arena Corinthians. Al\u00e9m do \u00e1rbitro, os assistentes Rodrigo Figueiredo Henrique Correa e Bruno [&hellip;]<\/p>\n","protected":false},"author":96,"featured_media":122821,"comment_status":"closed","ping_status":"closed","sticky":false,"template":"","format":"standard","meta":{"footnotes":""},"categories":[257,439],"tags":[],"class_list":["post-122820","post","type-post","status-publish","format-standard","has-post-thumbnail","hentry","category-esporte","category-ultima-hora"],"_links":{"self":[{"href":"https:\/\/diarioregionaldigital.com.br\/index.php?rest_route=\/wp\/v2\/posts\/122820","targetHints":{"allow":["GET"]}}],"collection":[{"href":"https:\/\/diarioregionaldigital.com.br\/index.php?rest_route=\/wp\/v2\/posts"}],"about":[{"href":"https:\/\/diarioregionaldigital.com.br\/index.php?rest_route=\/wp\/v2\/types\/post"}],"author":[{"embeddable":true,"href":"https:\/\/diarioregionaldigital.com.br\/index.php?rest_route=\/wp\/v2\/users\/96"}],"replies":[{"embeddable":true,"href":"https:\/\/diarioregionaldigital.com.br\/index.php?rest_route=%2Fwp%2Fv2%2Fcomments&post=122820"}],"version-history":[{"count":0,"href":"https:\/\/diarioregionaldigital.com.br\/index.php?rest_route=\/wp\/v2\/posts\/122820\/revisions"}],"wp:featuredmedia":[{"embeddable":true,"href":"https:\/\/diarioregionaldigital.com.br\/index.php?rest_route=\/wp\/v2\/media\/122821"}],"wp:attachment":[{"href":"https:\/\/diarioregionaldigital.com.br\/index.php?rest_route=%2Fwp%2Fv2%2Fmedia&parent=122820"}],"wp:term":[{"taxonomy":"category","embeddable":true,"href":"https:\/\/diarioregionaldigital.com.br\/index.php?rest_route=%2Fwp%2Fv2%2Fcategories&post=122820"},{"taxonomy":"post_tag","embeddable":true,"href":"https:\/\/diarioregionaldigital.com.br\/index.php?rest_route=%2Fwp%2Fv2%2Ftags&post=122820"}],"curies":[{"name":"wp","href":"https:\/\/api.w.org\/{rel}","templated":true}]}}