{"id":122816,"date":"2018-10-16T14:23:41","date_gmt":"2018-10-16T17:23:41","guid":{"rendered":"https:\/\/diarioregionaldigital.com.br\/?p=122816"},"modified":"2018-10-16T14:23:41","modified_gmt":"2018-10-16T17:23:41","slug":"sel-abre-inscricoes-para-11o-jogos-da-terceira-idade","status":"publish","type":"post","link":"https:\/\/diarioregionaldigital.com.br\/?p=122816","title":{"rendered":"SEL abre inscri\u00e7\u00f5es para \u201c11\u00ba Jogos da Terceira Idade&#8221;"},"content":{"rendered":"<p>Est\u00e3o abertas as inscri\u00e7\u00f5es para a 11\u00aa edi\u00e7\u00e3o dos &#8220;Jogos da Terceira Idade&#8221;, que tem como objetivo promover competi\u00e7\u00e3o saud\u00e1vel e fomentar a integra\u00e7\u00e3o do p\u00fablico que possui mais de 60 anos na cidade e regi\u00e3o. O evento \u00e9 realiza\u00e7\u00e3o da Prefeitura de Juiz de Fora (PJF), atrav\u00e9s da Secretaria de Esporte e Lazer (SEL). As inscri\u00e7\u00f5es v\u00e3o at\u00e9 dia 31, \u00e0s 17h30. Os interessados devem entregar a documenta\u00e7\u00e3o necess\u00e1ria (carteiras de Identidade (RG) e de Trabalho ou passaporte), ficha de inscri\u00e7\u00e3o devidamente preenchida e atestado m\u00e9dico, datado a partir de 4 de junho de 2018, na SEL, na Avenida Rui Barbosa, 530, Bairro Santa Terezinha.<\/p>\n<p><strong>O evento<\/strong><\/p>\n<p>Os \u201cJogos da Terceira Idade\u201d acontecer\u00e3o entre 13 de novembro e 4 de dezembro, sendo oferecidas nove modalidades: tr\u00eas individuais (dama, nata\u00e7\u00e3o e t\u00eanis de mesa) e cinco coletivas (lancebol, voleibol e boliche adaptados, peteca e buraco). A abertura ser\u00e1 em 13 de novembro, no gin\u00e1sio do Servi\u00e7o Social do Com\u00e9rcio (Sesc) Centro, na Avenida Rio Branco, 3.090, \u00e0s 13 horas. Logo ap\u00f3s o desfile de abertura, o lancebol ser\u00e1 a modalidade que abrir\u00e1 oficialmente os jogos desse ano.<\/p>\n<p>Para conferir o regulamento e as fichas de inscri\u00e7\u00e3o, clique no\u00a0<a href=\"https:\/\/www.pjf.mg.gov.br\/secretarias\/sel\/eventos\/jogos_3idade\/index.php\">pjf.mg.gov.br\/sel<\/a>.<\/p>\n<p><strong>Fonte: Assessoria<\/strong><\/p>\n<p><strong>\u00a0<\/strong><\/p>\n","protected":false},"excerpt":{"rendered":"<p>Est\u00e3o abertas as inscri\u00e7\u00f5es para a 11\u00aa edi\u00e7\u00e3o dos &#8220;Jogos da Terceira Idade&#8221;, que tem como objetivo promover competi\u00e7\u00e3o saud\u00e1vel e fomentar a integra\u00e7\u00e3o do p\u00fablico que possui mais de 60 anos na cidade e regi\u00e3o. O evento \u00e9 realiza\u00e7\u00e3o da Prefeitura de Juiz de Fora (PJF), atrav\u00e9s da Secretaria de Esporte e Lazer (SEL). [&hellip;]<\/p>\n","protected":false},"author":96,"featured_media":122818,"comment_status":"closed","ping_status":"closed","sticky":false,"template":"","format":"standard","meta":{"footnotes":""},"categories":[257,439],"tags":[],"class_list":["post-122816","post","type-post","status-publish","format-standard","has-post-thumbnail","hentry","category-esporte","category-ultima-hora"],"_links":{"self":[{"href":"https:\/\/diarioregionaldigital.com.br\/index.php?rest_route=\/wp\/v2\/posts\/122816","targetHints":{"allow":["GET"]}}],"collection":[{"href":"https:\/\/diarioregionaldigital.com.br\/index.php?rest_route=\/wp\/v2\/posts"}],"about":[{"href":"https:\/\/diarioregionaldigital.com.br\/index.php?rest_route=\/wp\/v2\/types\/post"}],"author":[{"embeddable":true,"href":"https:\/\/diarioregionaldigital.com.br\/index.php?rest_route=\/wp\/v2\/users\/96"}],"replies":[{"embeddable":true,"href":"https:\/\/diarioregionaldigital.com.br\/index.php?rest_route=%2Fwp%2Fv2%2Fcomments&post=122816"}],"version-history":[{"count":0,"href":"https:\/\/diarioregionaldigital.com.br\/index.php?rest_route=\/wp\/v2\/posts\/122816\/revisions"}],"wp:featuredmedia":[{"embeddable":true,"href":"https:\/\/diarioregionaldigital.com.br\/index.php?rest_route=\/wp\/v2\/media\/122818"}],"wp:attachment":[{"href":"https:\/\/diarioregionaldigital.com.br\/index.php?rest_route=%2Fwp%2Fv2%2Fmedia&parent=122816"}],"wp:term":[{"taxonomy":"category","embeddable":true,"href":"https:\/\/diarioregionaldigital.com.br\/index.php?rest_route=%2Fwp%2Fv2%2Fcategories&post=122816"},{"taxonomy":"post_tag","embeddable":true,"href":"https:\/\/diarioregionaldigital.com.br\/index.php?rest_route=%2Fwp%2Fv2%2Ftags&post=122816"}],"curies":[{"name":"wp","href":"https:\/\/api.w.org\/{rel}","templated":true}]}}