{"id":122633,"date":"2018-10-13T14:50:04","date_gmt":"2018-10-13T17:50:04","guid":{"rendered":"https:\/\/diarioregionaldigital.com.br\/?p=122633"},"modified":"2018-10-13T14:50:04","modified_gmt":"2018-10-13T17:50:04","slug":"twitter-teve-27-milhoes-de-postagens-sobre-divergencias-politicas","status":"publish","type":"post","link":"https:\/\/diarioregionaldigital.com.br\/?p=122633","title":{"rendered":"Twitter teve 2,7 milh\u00f5es de postagens sobre diverg\u00eancias pol\u00edticas"},"content":{"rendered":"<p>Entre as 19h de\u00a0domingo\u00a0(7) e as 15h de\u00a0quinta-feira, 11, usu\u00e1rios do Twitter movimentaram a rede com\u00a02,7 milh\u00f5es de postagens relacionadas a ataques motivados por diverg\u00eancias pol\u00edtico-ideol\u00f3gicas, no contexto das elei\u00e7\u00f5es, e relatos de pessoas que temem se tornar alvo desse tipo de agress\u00e3o. De acordo com a Diretoria de An\u00e1lise de Pol\u00edticas P\u00fablicas (Dapp), da Funda\u00e7\u00e3o Get\u00falio Vargas (FGV), que produziu o mapeamento, a parcela populacional que mais manifestou\u00a0apreens\u00e3o diante das ocorr\u00eancias foram pessoas LGBTI+, negros e mulheres.<\/p>\n<p>O pico de publica\u00e7\u00f5es veiculadas com esse teor foi identificado j\u00e1 na primeira hora de an\u00e1lise, per\u00edodo em que se registrou uma m\u00e9dia de 3,2 mil tweets &#8211; como s\u00e3o chamadas as micropostagens do Twitter &#8211; por minuto. Nesse momento, informou o Dapp, houve predomin\u00e2ncia de tweets de usu\u00e1rios que faziam men\u00e7\u00e3o ao medo diante dos resultados do primeiro turno.<\/p>\n<p>No dia seguinte,\u00a0o assunto\u00a0mais comentado no Twitter foi\u00a0a morte do capoeirista Mestre Moa, citado em 112 mil postagens. Um grande volume de den\u00fancias sobre outros casos e compartilhamentos de conte\u00fados que noticiavam agress\u00f5es a jornalistas e eleitores do Partido dos Trabalhadores (PT) tamb\u00e9m foi identificado, segundo a Dapp.<\/p>\n<p>Na data, postagens repercutindo incidentes de viol\u00eancia psicol\u00f3gica e moral, como ofensas virtuais e amea\u00e7as tamb\u00e9m se multiplicaram\u00a0na rede, evidenciando que as v\u00edtimas t\u00eam sido agredidas nas ruas e nos mais diversos locais, incluindo o\u00a0transporte p\u00fablico e seu pr\u00f3prio local de trabalho. Ao mesmo tempo, usu\u00e1rios da rede divulgaram campanhas e iniciativas como forma de encoraj\u00e1-las a denunciar formalmente os agressores.<\/p>\n<h2>Viol\u00eancia<\/h2>\n<p>Ainda conforme levantamento da Dapp, na\u00a0quarta-feira, 10, os posicionamentos oficiais do candidato Jair Bolsonaro (PSL) e seu advers\u00e1rio, Fernando Haddad (PT) mobilizaram significativamente o debate em torno das viol\u00eancias cometidas ap\u00f3s o primeiro turno do pleito. Os candidatos assinavam dois dos cinco tweets de maior impacto no per\u00edodo.<\/p>\n<p>Junto \u00e0s declara\u00e7\u00f5es de ambos os candidatos, informaram os pesquisadores da Dapp, prevaleceram as men\u00e7\u00f5es ao caso\u00a0da\u00a0jovem agredida e marcada com uma su\u00e1stica, no Rio Grande Sul. Ao todo, foram identificadas 329 mil refer\u00eancias ao fato.<\/p>\n<p>&#8220;Tanto perfis contr\u00e1rios a Bolsonaro quanto favor\u00e1veis discutiram sobre o ataque, com cr\u00edticas \u00e0 volta de situa\u00e7\u00f5es violentas associadas ao nazismo, \u00e0 quantidade de ataques a minorias (em especial homossexuais) e \u00e0 falta de posicionamento das autoridades. Perfis pr\u00f3-Bolsonaro, com base em entrevistas com a equipe que investiga o crime, questionaram se foi, de fato, um crime de \u00f3dio, e argumentaram que nem todos os ataques s\u00e3o de apoiadores do deputado federal, mas sim de opositores que desejam prejudic\u00e1-lo na elei\u00e7\u00e3o&#8221;, destacou a Dapp em seu relat\u00f3rio.<\/p>\n<h2>Hist\u00f3rico<\/h2>\n<p>N\u00fameros da Dapp mostram ainda que, no m\u00eas que antecedeu o debate eleitoral, a cada dia uma m\u00e9dia de 35,9 mil tweets fazia men\u00e7\u00e3o a agress\u00f5es e casos de viol\u00eancia associados ao contexto pol\u00edtico das elei\u00e7\u00f5es, exclu\u00eddas as refer\u00eancias ao ataque a Bolsonaro, em Juiz de Fora. Nessa fase, esse tipo de conte\u00fado foi veiculado tanto pelo eleitorado de Bolsonaro como o de Haddad e dos demais candidatos \u00e0 Presid\u00eancia da Rep\u00fablica.\u00a0De\u00a07 de setembro\u00a0a\u00a07 de outubro, foram publicados 1,1 milh\u00e3o de tweets sobre agress\u00f5es.<\/p>\n<p>&nbsp;<\/p>\n<p>Fonte: Ag\u00eancia Brasil<\/p>\n","protected":false},"excerpt":{"rendered":"<p>Entre as 19h de\u00a0domingo\u00a0(7) e as 15h de\u00a0quinta-feira, 11, usu\u00e1rios do Twitter movimentaram a rede com\u00a02,7 milh\u00f5es de postagens relacionadas a ataques motivados por diverg\u00eancias pol\u00edtico-ideol\u00f3gicas, no contexto das elei\u00e7\u00f5es, e relatos de pessoas que temem se tornar alvo desse tipo de agress\u00e3o. De acordo com a Diretoria de An\u00e1lise de Pol\u00edticas P\u00fablicas (Dapp), da [&hellip;]<\/p>\n","protected":false},"author":96,"featured_media":122634,"comment_status":"closed","ping_status":"closed","sticky":false,"template":"","format":"standard","meta":{"footnotes":""},"categories":[436,254,439],"tags":[],"class_list":["post-122633","post","type-post","status-publish","format-standard","has-post-thumbnail","hentry","category-destaque-da-semana","category-politica","category-ultima-hora"],"_links":{"self":[{"href":"https:\/\/diarioregionaldigital.com.br\/index.php?rest_route=\/wp\/v2\/posts\/122633","targetHints":{"allow":["GET"]}}],"collection":[{"href":"https:\/\/diarioregionaldigital.com.br\/index.php?rest_route=\/wp\/v2\/posts"}],"about":[{"href":"https:\/\/diarioregionaldigital.com.br\/index.php?rest_route=\/wp\/v2\/types\/post"}],"author":[{"embeddable":true,"href":"https:\/\/diarioregionaldigital.com.br\/index.php?rest_route=\/wp\/v2\/users\/96"}],"replies":[{"embeddable":true,"href":"https:\/\/diarioregionaldigital.com.br\/index.php?rest_route=%2Fwp%2Fv2%2Fcomments&post=122633"}],"version-history":[{"count":0,"href":"https:\/\/diarioregionaldigital.com.br\/index.php?rest_route=\/wp\/v2\/posts\/122633\/revisions"}],"wp:featuredmedia":[{"embeddable":true,"href":"https:\/\/diarioregionaldigital.com.br\/index.php?rest_route=\/wp\/v2\/media\/122634"}],"wp:attachment":[{"href":"https:\/\/diarioregionaldigital.com.br\/index.php?rest_route=%2Fwp%2Fv2%2Fmedia&parent=122633"}],"wp:term":[{"taxonomy":"category","embeddable":true,"href":"https:\/\/diarioregionaldigital.com.br\/index.php?rest_route=%2Fwp%2Fv2%2Fcategories&post=122633"},{"taxonomy":"post_tag","embeddable":true,"href":"https:\/\/diarioregionaldigital.com.br\/index.php?rest_route=%2Fwp%2Fv2%2Ftags&post=122633"}],"curies":[{"name":"wp","href":"https:\/\/api.w.org\/{rel}","templated":true}]}}