{"id":122630,"date":"2018-10-13T14:44:10","date_gmt":"2018-10-13T17:44:10","guid":{"rendered":"https:\/\/diarioregionaldigital.com.br\/?p=122630"},"modified":"2018-10-13T14:44:10","modified_gmt":"2018-10-13T17:44:10","slug":"a-partir-deste-sabado-candidato-so-pode-ser-preso-em-flagrante","status":"publish","type":"post","link":"https:\/\/diarioregionaldigital.com.br\/?p=122630","title":{"rendered":"A partir deste s\u00e1bado, candidato s\u00f3 pode ser preso em flagrante"},"content":{"rendered":"<p>Nenhum candidato que participar\u00e1 do segundo turno das elei\u00e7\u00f5es poder\u00e1 ser detido ou preso, a partir deste s\u00e1bado, 13, a n\u00e3o ser em caso de flagrante delito. A regra, que restringe a pris\u00e3o de candidatos nos 15 dias que antecedem as elei\u00e7\u00f5es, est\u00e1 no par\u00e1grafo 1\u00ba do artigo 236 da Lei n\u00ba 4.737\/1965 do C\u00f3digo Eleitoral.<\/p>\n<div class=\"dnd-widget-wrapper context-cheio_8colunas type-image\">\n<div class=\"dnd-atom-rendered\">Disputar\u00e3o o segundo turno, no dia 28 de outubro, os candidatos a presidente da Rep\u00fablica Jair Bolsonaro, da Coliga\u00e7\u00e3o Brasil Acima de Tudo, Deus Acima de Todos (PSL\/PRTB), e Fernando Haddad, da Coliga\u00e7\u00e3o O Povo Feliz de Novo (PT\/PC do B\/PROS), al\u00e9m de 28 candidatos a governador em 13 estados e no Distrito Federal.<\/div>\n<div><\/div>\n<\/div>\n<p>Fonte: Ag\u00eancia Brasil<\/p>\n","protected":false},"excerpt":{"rendered":"<p>Nenhum candidato que participar\u00e1 do segundo turno das elei\u00e7\u00f5es poder\u00e1 ser detido ou preso, a partir deste s\u00e1bado, 13, a n\u00e3o ser em caso de flagrante delito. A regra, que restringe a pris\u00e3o de candidatos nos 15 dias que antecedem as elei\u00e7\u00f5es, est\u00e1 no par\u00e1grafo 1\u00ba do artigo 236 da Lei n\u00ba 4.737\/1965 do C\u00f3digo [&hellip;]<\/p>\n","protected":false},"author":96,"featured_media":122631,"comment_status":"closed","ping_status":"closed","sticky":false,"template":"","format":"standard","meta":{"footnotes":""},"categories":[436,254,439],"tags":[],"class_list":["post-122630","post","type-post","status-publish","format-standard","has-post-thumbnail","hentry","category-destaque-da-semana","category-politica","category-ultima-hora"],"_links":{"self":[{"href":"https:\/\/diarioregionaldigital.com.br\/index.php?rest_route=\/wp\/v2\/posts\/122630","targetHints":{"allow":["GET"]}}],"collection":[{"href":"https:\/\/diarioregionaldigital.com.br\/index.php?rest_route=\/wp\/v2\/posts"}],"about":[{"href":"https:\/\/diarioregionaldigital.com.br\/index.php?rest_route=\/wp\/v2\/types\/post"}],"author":[{"embeddable":true,"href":"https:\/\/diarioregionaldigital.com.br\/index.php?rest_route=\/wp\/v2\/users\/96"}],"replies":[{"embeddable":true,"href":"https:\/\/diarioregionaldigital.com.br\/index.php?rest_route=%2Fwp%2Fv2%2Fcomments&post=122630"}],"version-history":[{"count":0,"href":"https:\/\/diarioregionaldigital.com.br\/index.php?rest_route=\/wp\/v2\/posts\/122630\/revisions"}],"wp:featuredmedia":[{"embeddable":true,"href":"https:\/\/diarioregionaldigital.com.br\/index.php?rest_route=\/wp\/v2\/media\/122631"}],"wp:attachment":[{"href":"https:\/\/diarioregionaldigital.com.br\/index.php?rest_route=%2Fwp%2Fv2%2Fmedia&parent=122630"}],"wp:term":[{"taxonomy":"category","embeddable":true,"href":"https:\/\/diarioregionaldigital.com.br\/index.php?rest_route=%2Fwp%2Fv2%2Fcategories&post=122630"},{"taxonomy":"post_tag","embeddable":true,"href":"https:\/\/diarioregionaldigital.com.br\/index.php?rest_route=%2Fwp%2Fv2%2Ftags&post=122630"}],"curies":[{"name":"wp","href":"https:\/\/api.w.org\/{rel}","templated":true}]}}