{"id":122619,"date":"2018-10-13T11:06:35","date_gmt":"2018-10-13T14:06:35","guid":{"rendered":"https:\/\/diarioregionaldigital.com.br\/?p=122619"},"modified":"2018-10-13T11:06:35","modified_gmt":"2018-10-13T14:06:35","slug":"settra-interdita-transito-do-centro-e-do-milho-branco","status":"publish","type":"post","link":"https:\/\/diarioregionaldigital.com.br\/?p=122619","title":{"rendered":"Settra interdita tr\u00e2nsito do Centro e do Milho Branco"},"content":{"rendered":"<p>Nesse domingo, 14, a Secretaria de Transporte e Tr\u00e2nsito (Settra) da Prefeitura de Juiz de Fora (PJF) far\u00e1 interven\u00e7\u00f5es no tr\u00e2nsito da regi\u00e3o central, para mais uma edi\u00e7\u00e3o do \u201cBem Comum Lazer\u201d, e no Bairro Milho Branco, para &#8220;Caminhada Ecum\u00eanica Pela Paz&#8221;. J\u00e1 na segunda-feira, 15, e ter\u00e7a, 16, a Rua Batista de Oliveira ser\u00e1 interditada no Bairro Grambery.<\/p>\n<p>Para o Bem Comum, das 6 \u00e0s 13 horas, a pista central da Avenida Rio Branco, no trecho entre a Rua Doutor Romualdo e a Avenida Doutor Jos\u00e9 Proc\u00f3pio Teixeira, ficar\u00e1 interditada ao tr\u00e2nsito de ve\u00edculos.<\/p>\n<p>Os \u00f4nibus que circulam no sentido bairros Manoel Hon\u00f3rio\/Bom Pastor deixar\u00e3o a faixa central no cruzamento com Avenida Presidente Itamar Franco, utilizando a lateral. No sentido inverso, retornar\u00e3o \u00e0 pista central no cruzamento com a Rua Doutor Romualdo. Os pontos de parada na pista lateral ser\u00e3o em frente aos atuais da pista central.<\/p>\n<p><b>&#8220;Caminhada Ecum\u00eanica Pela Paz&#8221;<\/b><\/p>\n<p>Para realiza\u00e7\u00e3o da caminhada, haver\u00e1 interdi\u00e7\u00e3o parcial, das 14 \u00e0s 21 horas, nas seguintes ruas: Ivan Batista de Oliveira, Omar Batista de Oliveira, Ottoni de Campos Alvim, Argemina de Jesus Flores, Doutor Fausto Faria e Azul, at\u00e9 o n\u00famero 344. A Pra\u00e7a Paulo de Souza Lamarca ser\u00e1 o ponto de partida.<\/p>\n<p><b>Interdi\u00e7\u00e3o da Batista de Oliveira<\/b><\/p>\n<p>Na segunda, 15, e ter\u00e7a, 16, das 7 \u00e0s 17 horas, a Rua Batista de Oliveira, entre Sampaio e Ant\u00f4nio Carlos, ser\u00e1 interditada. A altera\u00e7\u00e3o foi feita para a realiza\u00e7\u00e3o de obras na via. O desvio pode ser feito pelas ruas Sampaio, Santos Dumont, Ambr\u00f3sio Braga, Bar\u00e3o de Santa Helena, Doutor Tarboux, at\u00e9 acessar novamente a Batista de Oliveira.<\/p>\n<p>&nbsp;<\/p>\n<p>Fonte: Assessoria PJF<\/p>\n","protected":false},"excerpt":{"rendered":"<p>Nesse domingo, 14, a Secretaria de Transporte e Tr\u00e2nsito (Settra) da Prefeitura de Juiz de Fora (PJF) far\u00e1 interven\u00e7\u00f5es no tr\u00e2nsito da regi\u00e3o central, para mais uma edi\u00e7\u00e3o do \u201cBem Comum Lazer\u201d, e no Bairro Milho Branco, para &#8220;Caminhada Ecum\u00eanica Pela Paz&#8221;. J\u00e1 na segunda-feira, 15, e ter\u00e7a, 16, a Rua Batista de Oliveira ser\u00e1 [&hellip;]<\/p>\n","protected":false},"author":96,"featured_media":122620,"comment_status":"closed","ping_status":"closed","sticky":false,"template":"","format":"standard","meta":{"footnotes":""},"categories":[253,436,439],"tags":[],"class_list":["post-122619","post","type-post","status-publish","format-standard","has-post-thumbnail","hentry","category-cidade","category-destaque-da-semana","category-ultima-hora"],"_links":{"self":[{"href":"https:\/\/diarioregionaldigital.com.br\/index.php?rest_route=\/wp\/v2\/posts\/122619","targetHints":{"allow":["GET"]}}],"collection":[{"href":"https:\/\/diarioregionaldigital.com.br\/index.php?rest_route=\/wp\/v2\/posts"}],"about":[{"href":"https:\/\/diarioregionaldigital.com.br\/index.php?rest_route=\/wp\/v2\/types\/post"}],"author":[{"embeddable":true,"href":"https:\/\/diarioregionaldigital.com.br\/index.php?rest_route=\/wp\/v2\/users\/96"}],"replies":[{"embeddable":true,"href":"https:\/\/diarioregionaldigital.com.br\/index.php?rest_route=%2Fwp%2Fv2%2Fcomments&post=122619"}],"version-history":[{"count":0,"href":"https:\/\/diarioregionaldigital.com.br\/index.php?rest_route=\/wp\/v2\/posts\/122619\/revisions"}],"wp:featuredmedia":[{"embeddable":true,"href":"https:\/\/diarioregionaldigital.com.br\/index.php?rest_route=\/wp\/v2\/media\/122620"}],"wp:attachment":[{"href":"https:\/\/diarioregionaldigital.com.br\/index.php?rest_route=%2Fwp%2Fv2%2Fmedia&parent=122619"}],"wp:term":[{"taxonomy":"category","embeddable":true,"href":"https:\/\/diarioregionaldigital.com.br\/index.php?rest_route=%2Fwp%2Fv2%2Fcategories&post=122619"},{"taxonomy":"post_tag","embeddable":true,"href":"https:\/\/diarioregionaldigital.com.br\/index.php?rest_route=%2Fwp%2Fv2%2Ftags&post=122619"}],"curies":[{"name":"wp","href":"https:\/\/api.w.org\/{rel}","templated":true}]}}