{"id":122596,"date":"2018-10-13T06:00:56","date_gmt":"2018-10-13T09:00:56","guid":{"rendered":"https:\/\/diarioregionaldigital.com.br\/?p=122596"},"modified":"2018-10-12T22:07:34","modified_gmt":"2018-10-13T01:07:34","slug":"o-brasil-esta-dividido-e-deve-se-unir-apos-eleicao-diz-temer","status":"publish","type":"post","link":"https:\/\/diarioregionaldigital.com.br\/?p=122596","title":{"rendered":"O Brasil est\u00e1 dividido e deve se unir ap\u00f3s elei\u00e7\u00e3o, diz Temer"},"content":{"rendered":"<p>O presidente da Rep\u00fablica, Michel Temer, disse nessa sexta-feira, 12, que o Brasil est\u00e1 dividido por causa das elei\u00e7\u00f5es. Ele acredita, no entanto, que essa divis\u00e3o entre os brasileiros ser\u00e1 superada assim que terminar\u00a0o per\u00edodo eleitoral.<\/p>\n<p>&#8220;Temos de\u00a0ter\u00a0a compreens\u00e3o de que a elei\u00e7\u00e3o \u00e9 um momento pol\u00edtico-eleitoral. Logo depois vem o momento pol\u00edtico-administrativo. No momento pol\u00edtico-eleitoral, \u00e9 natural que haja diverg\u00eancia. O\u00a0que n\u00e3o pode haver \u00e9 viol\u00eancia. Tenho absoluta convic\u00e7\u00e3o de que, passado esse momento, ap\u00f3s a\u00a0elei\u00e7\u00e3o\u00a0o Brasil estar\u00e1 reunificado&#8221;, afirmou\u00a0o presidente.<\/p>\n<p>Temer participou nesta sexta-feira\u00a0de uma missa\u00a0em homenagem a Nossa Senhora Aparecida, padroeira do Brasil, no centro de visitantes das Paineiras, aos p\u00e9s do monumento do Cristo Redentor, que completa hoje 87 anos.<\/p>\n<p>Em entrevista \u00e0 imprensa, o presidente disse ainda que se preocupa\u00a0com epis\u00f3dios de viol\u00eancia ocorridos durante a elei\u00e7\u00e3o.<\/p>\n<p>&#8220;\u00c9 claro que toda vez que se fala em viol\u00eancia\u00a0temos de\u00a0nos preocupar. Por isso, precisamos\u00a0combat\u00ea-la como estamos fazendo todos&#8221;, acrescentou Michel Temer. Ele\u00a0disse ainda que\u00a0est\u00e1\u00a0se divertindo com as brincadeiras feitas na internet, cujo\u00a0mote \u00e9 a frase &#8220;Fica Temer&#8221;, em alus\u00e3o \u00e0s incertezas sobre o resultado da elei\u00e7\u00e3o.<\/p>\n<p>Na missa, o presidente adotou o mesmo tom de que os brasileiros devem se unir. &#8220;Quando se conta que Nossa Senhora Aparecida foi encontrada para depois encontrar-se a sua outra parte, para restaurar a imagem da santa padroeira do Brasil, eu percebo que isso serve como uma simbologia extraordin\u00e1ria para verificar que nada no Brasil se fraturar\u00e1. Ao contr\u00e1rio, se houver uma tentativa de fratura, n\u00f3s todos, com a Santa Igreja, vamos colar essa fraturas de modo que permanentemente tenhamos uma imagem do Brasil inteiramente costurada&#8221;, disse.<\/p>\n<p>Durante a missa, celebrada por dom Orani Tempesta,\u00a0arcebispo do Rio de Janeiro, tamb\u00e9m foi anunciado que os visitantes ao monumento do Cristo Redentor poder\u00e3o fazer uma doa\u00e7\u00e3o volunt\u00e1ria para manter a est\u00e1tua.<\/p>\n<p><em>Fonte: Ag\u00eancia Brasil<\/em><\/p>\n","protected":false},"excerpt":{"rendered":"<p>O presidente da Rep\u00fablica, Michel Temer, disse nessa sexta-feira, 12, que o Brasil est\u00e1 dividido por causa das elei\u00e7\u00f5es. Ele acredita, no entanto, que essa divis\u00e3o entre os brasileiros ser\u00e1 superada assim que terminar\u00a0o per\u00edodo eleitoral. &#8220;Temos de\u00a0ter\u00a0a compreens\u00e3o de que a elei\u00e7\u00e3o \u00e9 um momento pol\u00edtico-eleitoral. Logo depois vem o momento pol\u00edtico-administrativo. No momento [&hellip;]<\/p>\n","protected":false},"author":96,"featured_media":0,"comment_status":"closed","ping_status":"closed","sticky":false,"template":"","format":"standard","meta":{"footnotes":""},"categories":[302,436,439],"tags":[],"class_list":["post-122596","post","type-post","status-publish","format-standard","hentry","category-brasil-mundo","category-destaque-da-semana","category-ultima-hora"],"_links":{"self":[{"href":"https:\/\/diarioregionaldigital.com.br\/index.php?rest_route=\/wp\/v2\/posts\/122596","targetHints":{"allow":["GET"]}}],"collection":[{"href":"https:\/\/diarioregionaldigital.com.br\/index.php?rest_route=\/wp\/v2\/posts"}],"about":[{"href":"https:\/\/diarioregionaldigital.com.br\/index.php?rest_route=\/wp\/v2\/types\/post"}],"author":[{"embeddable":true,"href":"https:\/\/diarioregionaldigital.com.br\/index.php?rest_route=\/wp\/v2\/users\/96"}],"replies":[{"embeddable":true,"href":"https:\/\/diarioregionaldigital.com.br\/index.php?rest_route=%2Fwp%2Fv2%2Fcomments&post=122596"}],"version-history":[{"count":0,"href":"https:\/\/diarioregionaldigital.com.br\/index.php?rest_route=\/wp\/v2\/posts\/122596\/revisions"}],"wp:attachment":[{"href":"https:\/\/diarioregionaldigital.com.br\/index.php?rest_route=%2Fwp%2Fv2%2Fmedia&parent=122596"}],"wp:term":[{"taxonomy":"category","embeddable":true,"href":"https:\/\/diarioregionaldigital.com.br\/index.php?rest_route=%2Fwp%2Fv2%2Fcategories&post=122596"},{"taxonomy":"post_tag","embeddable":true,"href":"https:\/\/diarioregionaldigital.com.br\/index.php?rest_route=%2Fwp%2Fv2%2Ftags&post=122596"}],"curies":[{"name":"wp","href":"https:\/\/api.w.org\/{rel}","templated":true}]}}