{"id":122593,"date":"2018-10-13T06:00:57","date_gmt":"2018-10-13T09:00:57","guid":{"rendered":"https:\/\/diarioregionaldigital.com.br\/?p=122593"},"modified":"2018-10-12T22:05:17","modified_gmt":"2018-10-13T01:05:17","slug":"ladrao-estoura-vidraca-de-loja-e-furta-roupas-de-manequins-em-muriae","status":"publish","type":"post","link":"https:\/\/diarioregionaldigital.com.br\/?p=122593","title":{"rendered":"Ladr\u00e3o estoura vidra\u00e7a de loja e furta roupas de manequins em Muria\u00e9"},"content":{"rendered":"<p>Um ladr\u00e3o furtou camisas que estavam em dois manequins de uma loja do centro de Muria\u00e9 ap\u00f3s estourar a vidra\u00e7a do estabelecimento. O crime aconteceu durante a madrugada desta sexta-feira, 12, e o autor utilizou uma grande pedra para estilha\u00e7ar a fachada da loja.<\/p>\n<p>Conforme informa\u00e7\u00f5es obtidas pela Pol\u00edcia Militar (PM), o bandido chegou a ser visto por populares fugindo do local, mas apesar dos rastreamentos realizados pelos militares, n\u00e3o foi localizado.<\/p>\n<p>A cena do crime foi per\u00edcia periciada pela Pol\u00edcia Civil (PC), que vai investigar o caso.<\/p>\n<p><em>Fonte: R\u00e1dio Muria\u00e9<\/em><\/p>\n","protected":false},"excerpt":{"rendered":"<p>Um ladr\u00e3o furtou camisas que estavam em dois manequins de uma loja do centro de Muria\u00e9 ap\u00f3s estourar a vidra\u00e7a do estabelecimento. O crime aconteceu durante a madrugada desta sexta-feira, 12, e o autor utilizou uma grande pedra para estilha\u00e7ar a fachada da loja. Conforme informa\u00e7\u00f5es obtidas pela Pol\u00edcia Militar (PM), o bandido chegou a [&hellip;]<\/p>\n","protected":false},"author":96,"featured_media":0,"comment_status":"closed","ping_status":"closed","sticky":false,"template":"","format":"standard","meta":{"footnotes":""},"categories":[252,439],"tags":[],"class_list":["post-122593","post","type-post","status-publish","format-standard","hentry","category-regiao","category-ultima-hora"],"_links":{"self":[{"href":"https:\/\/diarioregionaldigital.com.br\/index.php?rest_route=\/wp\/v2\/posts\/122593","targetHints":{"allow":["GET"]}}],"collection":[{"href":"https:\/\/diarioregionaldigital.com.br\/index.php?rest_route=\/wp\/v2\/posts"}],"about":[{"href":"https:\/\/diarioregionaldigital.com.br\/index.php?rest_route=\/wp\/v2\/types\/post"}],"author":[{"embeddable":true,"href":"https:\/\/diarioregionaldigital.com.br\/index.php?rest_route=\/wp\/v2\/users\/96"}],"replies":[{"embeddable":true,"href":"https:\/\/diarioregionaldigital.com.br\/index.php?rest_route=%2Fwp%2Fv2%2Fcomments&post=122593"}],"version-history":[{"count":0,"href":"https:\/\/diarioregionaldigital.com.br\/index.php?rest_route=\/wp\/v2\/posts\/122593\/revisions"}],"wp:attachment":[{"href":"https:\/\/diarioregionaldigital.com.br\/index.php?rest_route=%2Fwp%2Fv2%2Fmedia&parent=122593"}],"wp:term":[{"taxonomy":"category","embeddable":true,"href":"https:\/\/diarioregionaldigital.com.br\/index.php?rest_route=%2Fwp%2Fv2%2Fcategories&post=122593"},{"taxonomy":"post_tag","embeddable":true,"href":"https:\/\/diarioregionaldigital.com.br\/index.php?rest_route=%2Fwp%2Fv2%2Ftags&post=122593"}],"curies":[{"name":"wp","href":"https:\/\/api.w.org\/{rel}","templated":true}]}}