{"id":122588,"date":"2018-10-13T06:00:05","date_gmt":"2018-10-13T09:00:05","guid":{"rendered":"https:\/\/diarioregionaldigital.com.br\/?p=122588"},"modified":"2018-10-12T21:59:09","modified_gmt":"2018-10-13T00:59:09","slug":"privatizacao-de-empresas-de-energia-esta-na-pauta-do-plenario","status":"publish","type":"post","link":"https:\/\/diarioregionaldigital.com.br\/?p=122588","title":{"rendered":"Privatiza\u00e7\u00e3o de empresas de energia est\u00e1 na pauta do Plen\u00e1rio"},"content":{"rendered":"<p>A privatiza\u00e7\u00e3o de distribuidoras de energia el\u00e9trica est\u00e1 na pauta do Plen\u00e1rio da pr\u00f3xima ter\u00e7a-feira, 16. O projeto de lei da C\u00e2mara (PLC)\u00a0<a class=\"external-link\" href=\"http:\/\/www25.senado.leg.br\/web\/atividade\/materias\/-\/materia\/133940\">77\/2018<\/a>\u00a0abre caminho para a privatiza\u00e7\u00e3o de seis distribuidoras de energia controladas pela Eletrobras na Regi\u00e3o Norte.<\/p>\n<p>De iniciativa do Poder Executivo, o projeto tem o objetivo de despertar o interesse de investidores pelas empresas. Para isso, o governo argumenta que precisam ser eliminadas &#8220;pend\u00eancias jur\u00eddicas&#8221;.<\/p>\n<p>Quatro empresas j\u00e1 foram negociadas. A Companhia de Eletricidade do Acre (Eletroacre), as Centrais El\u00e9tricas de Rond\u00f4nia (Ceron) e a Boa Vista Energia, que atende Roraima, foram arrematadas em agosto em leil\u00e3o promovido pelo Banco Nacional de Desenvolvimento Econ\u00f4mico e Social (BNDES). Em julho, foi vendida a Companhia de Energia do Piau\u00ed (Cepisa).<\/p>\n<p>Al\u00e9m dessas, o governo pretende vender a Amazonas Energia e a Companhia Energ\u00e9tica de Alagoas (Ceal).<\/p>\n<h3><b>Arboriza\u00e7\u00e3o<\/b><\/h3>\n<p>Na pauta tamb\u00e9m est\u00e1 o\u00a0<a href=\"https:\/\/www25.senado.leg.br\/web\/atividade\/materias\/-\/materia\/124035\">PLC 188\/2015<\/a>, do deputado Roberto Britto (PP-BA), determinando que 10% do dinheiro arrecadado com multas ambientais seja destinado \u00e0 arboriza\u00e7\u00e3o urbana e \u00e0 recupera\u00e7\u00e3o de \u00e1reas degradadas.<\/p>\n<p>A proposta tamb\u00e9m estabelece que seja destinado para o mesmo fim o montante arrecadado pela cobran\u00e7a de taxas de autoriza\u00e7\u00e3o de poda e corte de \u00e1rvores. Cada \u00f3rg\u00e3o ambiental competente estabelecer\u00e1 os crit\u00e9rios e as normas para a aplica\u00e7\u00e3o da verba arrecadada. Se passar, o texto vai para san\u00e7\u00e3o.<\/p>\n<h3><b>Receita m\u00e9dica<\/b><\/h3>\n<p>Os senadores devem avaliar ainda o substitutivo elaborado pela C\u00e2mara ao\u00a0<a href=\"https:\/\/www25.senado.leg.br\/web\/atividade\/materias\/-\/materia\/133163\">PLS 325\/2012<\/a>, do ex-senador Jayme Campos, que trata da validade da receita m\u00e9dica no territ\u00f3rio nacional. Conforme o texto a ser analisado, a receita m\u00e9dica ou odontol\u00f3gica valer\u00e1 em todo o pa\u00eds, independentemente do estado em que tenha sido emitida.<\/p>\n<p>O objetivo da medida \u00e9 permitir que o cidad\u00e3o possa adquirir os medicamentos de que necessita onde quer que esteja, inclusive os sujeitos a controle especial. Se passar pelo Plen\u00e1rio, o projeto vai para san\u00e7\u00e3o presidencial.<\/p>\n<h3><b>Acordos<\/b><\/h3>\n<p>Sete projetos de decreto legislativo aguardam an\u00e1lise dos parlamentares. Eles ratificam acordos internacionais firmados pelo Brasil com outros pa\u00edses. O\u00a0<a href=\"https:\/\/www25.senado.leg.br\/web\/atividade\/materias\/-\/materia\/132699\">PDS 28\/2018<\/a>, por exemplo, trata de uma negocia\u00e7\u00e3o sobre servi\u00e7os a\u00e9reos entre Brasil e Holanda com rela\u00e7\u00e3o a Aruba, territ\u00f3rio aut\u00f4nomo holand\u00eas do Caribe.<\/p>\n<p>Segundo o acordo, um pa\u00eds concede a companhias a\u00e9reas do outro privil\u00e9gios em opera\u00e7\u00f5es de pouso ou sobrevoo. O texto ainda estabelece um controle simplificado para passageiros, bagagens, carga e mala postal em tr\u00e2nsito direto, al\u00e9m da isen\u00e7\u00e3o de algumas taxas para bagagem e carga.<\/p>\n<p><em>Fonte: Ag\u00eancia Senado<\/em><\/p>\n","protected":false},"excerpt":{"rendered":"<p>A privatiza\u00e7\u00e3o de distribuidoras de energia el\u00e9trica est\u00e1 na pauta do Plen\u00e1rio da pr\u00f3xima ter\u00e7a-feira, 16. O projeto de lei da C\u00e2mara (PLC)\u00a077\/2018\u00a0abre caminho para a privatiza\u00e7\u00e3o de seis distribuidoras de energia controladas pela Eletrobras na Regi\u00e3o Norte. De iniciativa do Poder Executivo, o projeto tem o objetivo de despertar o interesse de investidores pelas [&hellip;]<\/p>\n","protected":false},"author":96,"featured_media":0,"comment_status":"closed","ping_status":"closed","sticky":false,"template":"","format":"standard","meta":{"footnotes":""},"categories":[261,439],"tags":[],"class_list":["post-122588","post","type-post","status-publish","format-standard","hentry","category-economia","category-ultima-hora"],"_links":{"self":[{"href":"https:\/\/diarioregionaldigital.com.br\/index.php?rest_route=\/wp\/v2\/posts\/122588","targetHints":{"allow":["GET"]}}],"collection":[{"href":"https:\/\/diarioregionaldigital.com.br\/index.php?rest_route=\/wp\/v2\/posts"}],"about":[{"href":"https:\/\/diarioregionaldigital.com.br\/index.php?rest_route=\/wp\/v2\/types\/post"}],"author":[{"embeddable":true,"href":"https:\/\/diarioregionaldigital.com.br\/index.php?rest_route=\/wp\/v2\/users\/96"}],"replies":[{"embeddable":true,"href":"https:\/\/diarioregionaldigital.com.br\/index.php?rest_route=%2Fwp%2Fv2%2Fcomments&post=122588"}],"version-history":[{"count":0,"href":"https:\/\/diarioregionaldigital.com.br\/index.php?rest_route=\/wp\/v2\/posts\/122588\/revisions"}],"wp:attachment":[{"href":"https:\/\/diarioregionaldigital.com.br\/index.php?rest_route=%2Fwp%2Fv2%2Fmedia&parent=122588"}],"wp:term":[{"taxonomy":"category","embeddable":true,"href":"https:\/\/diarioregionaldigital.com.br\/index.php?rest_route=%2Fwp%2Fv2%2Fcategories&post=122588"},{"taxonomy":"post_tag","embeddable":true,"href":"https:\/\/diarioregionaldigital.com.br\/index.php?rest_route=%2Fwp%2Fv2%2Ftags&post=122588"}],"curies":[{"name":"wp","href":"https:\/\/api.w.org\/{rel}","templated":true}]}}