{"id":122575,"date":"2018-10-13T05:59:57","date_gmt":"2018-10-13T08:59:57","guid":{"rendered":"https:\/\/diarioregionaldigital.com.br\/?p=122575"},"modified":"2018-10-12T21:36:13","modified_gmt":"2018-10-13T00:36:13","slug":"ato-em-repudio-ao-assassinato-do-mestre-moa-e-realizado-em-juiz-de-fora","status":"publish","type":"post","link":"https:\/\/diarioregionaldigital.com.br\/?p=122575","title":{"rendered":"Ato em rep\u00fadio a morte do Mestre Moa \u00e9 realizado em Juiz de Fora"},"content":{"rendered":"<p>Neste s\u00e1bado, 13, vai ser realizado o ato unificado em rep\u00fadio a morte do Mestre Moa do Katend\u00ea, no Parque Halfeld, regi\u00e3o Central de Juiz de Fora. O evento est\u00e1 marcado para come\u00e7ar \u00e0s 11hrs e vai contar com uma roda de capoeira e apresenta\u00e7\u00f5es culturais em frente a C\u00e2mara Municipal. Logo ap\u00f3s, \u00e0s 12hrs, os manifestantes seguir\u00e3o em um cortejo pelas ruas.<\/p>\n<p>No evento, criado em uma rede social, os organizadores convidam os capoeiristas de Juiz de Fora e regi\u00e3o para participar do ato.<\/p>\n<p><em>&#8220;Convidamos a todos os capoeiristas de Juiz de Fora e regi\u00e3o, representantes da Cultura Popular, dos Cultos Afro brasileiros, movimentos sociais de todos os matizes e todos aqueles que nesse momento lutam por um pa\u00eds livre da intoler\u00e2ncia, plural e fraterno, para um ato pac\u00edfico e de protesto&#8221;<\/em><\/p>\n<h3>CASO<\/h3>\n<p>O mestre de capoeira e compositor Romualdo Ros\u00e1rio da Costa, 63 anos, conhecido como Moa do Katend\u00ea, foi morto a facadas na noite do \u00faltimo domingo, 7, ap\u00f3s uma discuss\u00e3o pol\u00edtica, em Salvador.\u00a0O autor do crime, Paulo S\u00e9rgio Ferreira de Santana, 36 anos, confessou o assassinato e alegou discuss\u00e3o pol\u00edtica como motiva\u00e7\u00e3o.<\/p>\n<div class=\"dnd-widget-wrapper context-medio_4colunas type-image atom-align-left\">\n<div class=\"dnd-atom-rendered\">\n<figure class=\"mejs-fotoh-wrapper\">\n<div style=\"width: 375px\" class=\"wp-caption alignright\"><img loading=\"lazy\" decoding=\"async\" class=\"img-responsive full full\" title=\"Alberto Maraux - Assessoria de Comunica\u00e7\u00e3o \/ Secretaria da Seguran\u00e7a P\u00fablica da Bahia\/Ag\u00eancia Brasil\" src=\"http:\/\/imagens.ebc.com.br\/2smkS_PI3nzCWg2ZfcHrR6c1pTA=\/365x0\/smart\/http:\/\/agenciabrasil.ebc.com.br\/sites\/default\/files\/thumbnails\/image\/assassino_mestre_capoeira.jpg?itok=pHwNocDt\" alt=\"Paulo S\u00e9rgio Ferreira de Santana \" width=\"365\" height=\"243\" \/><p class=\"wp-caption-text\">Paulo S\u00e9rgio Ferreira de Santana confessou o assassinato de Moa do Katend\u00ea &#8211; Foto: Alberto Maraux &#8211; Assessoria de Comunica\u00e7\u00e3o\/Secretaria da Seguran\u00e7a P\u00fablica da Bahia<\/p><\/div><\/figure>\n<\/div>\n<\/div>\n<p>Segundo a Secretaria de Seguran\u00e7a P\u00fablica da Bahia, Paulo chegou em um bar, na localidade do Dique Pequeno, bairro do Engenho Velho de Brotas, e se envolveu em uma discuss\u00e3o com Moa do Katend\u00ea. \u201cAp\u00f3s desentendimento, o autor da agress\u00e3o saiu do estabelecimento, buscou uma arma branca, na sua resid\u00eancia, e retornou ao bar. No local, Paulo deu facadas, nas costas de Romualdo, que estava sentado, e um golpe com a mesma arma branca, no bra\u00e7o de Germ\u00ednio\u201d, diz a nota da secretaria.<\/p>\n<p>Moa do Katend\u00ea morreu no local. No Departamento de Homic\u00eddios e Prote\u00e7\u00e3o \u00e0 Pessoa (DHPP), Paulo S\u00e9rgio disse que foi xingado e que estava consumindo bebida alco\u00f3lica desde o in\u00edcio da manh\u00e3 de domingo. Em depoimento, ele confessou estar arrependido.<\/p>\n<p>O caso est\u00e1 sob responsabilidade da delegada do DHPP, Milena Calmon, que ouvir\u00e1 outras testemunhas para esclarecer o epis\u00f3dio.<\/p>\n<p><em>Fonte: Ag\u00eancia Brasil\/Reda\u00e7\u00e3o<\/em><\/p>\n","protected":false},"excerpt":{"rendered":"<p>Neste s\u00e1bado, 13, vai ser realizado o ato unificado em rep\u00fadio a morte do Mestre Moa do Katend\u00ea, no Parque Halfeld, regi\u00e3o Central de Juiz de Fora. O evento est\u00e1 marcado para come\u00e7ar \u00e0s 11hrs e vai contar com uma roda de capoeira e apresenta\u00e7\u00f5es culturais em frente a C\u00e2mara Municipal. Logo ap\u00f3s, \u00e0s 12hrs, [&hellip;]<\/p>\n","protected":false},"author":96,"featured_media":0,"comment_status":"closed","ping_status":"closed","sticky":false,"template":"","format":"standard","meta":{"footnotes":""},"categories":[253,436,440,439],"tags":[],"class_list":["post-122575","post","type-post","status-publish","format-standard","hentry","category-cidade","category-destaque-da-semana","category-destaques-do-dia","category-ultima-hora"],"_links":{"self":[{"href":"https:\/\/diarioregionaldigital.com.br\/index.php?rest_route=\/wp\/v2\/posts\/122575","targetHints":{"allow":["GET"]}}],"collection":[{"href":"https:\/\/diarioregionaldigital.com.br\/index.php?rest_route=\/wp\/v2\/posts"}],"about":[{"href":"https:\/\/diarioregionaldigital.com.br\/index.php?rest_route=\/wp\/v2\/types\/post"}],"author":[{"embeddable":true,"href":"https:\/\/diarioregionaldigital.com.br\/index.php?rest_route=\/wp\/v2\/users\/96"}],"replies":[{"embeddable":true,"href":"https:\/\/diarioregionaldigital.com.br\/index.php?rest_route=%2Fwp%2Fv2%2Fcomments&post=122575"}],"version-history":[{"count":0,"href":"https:\/\/diarioregionaldigital.com.br\/index.php?rest_route=\/wp\/v2\/posts\/122575\/revisions"}],"wp:attachment":[{"href":"https:\/\/diarioregionaldigital.com.br\/index.php?rest_route=%2Fwp%2Fv2%2Fmedia&parent=122575"}],"wp:term":[{"taxonomy":"category","embeddable":true,"href":"https:\/\/diarioregionaldigital.com.br\/index.php?rest_route=%2Fwp%2Fv2%2Fcategories&post=122575"},{"taxonomy":"post_tag","embeddable":true,"href":"https:\/\/diarioregionaldigital.com.br\/index.php?rest_route=%2Fwp%2Fv2%2Ftags&post=122575"}],"curies":[{"name":"wp","href":"https:\/\/api.w.org\/{rel}","templated":true}]}}