{"id":122541,"date":"2018-10-11T22:33:15","date_gmt":"2018-10-12T01:33:15","guid":{"rendered":"https:\/\/diarioregionaldigital.com.br\/?p=122541"},"modified":"2018-10-11T22:33:15","modified_gmt":"2018-10-12T01:33:15","slug":"obra-avanca-e-ginasio-poliesportivo-comeca-a-ganhar-forma","status":"publish","type":"post","link":"https:\/\/diarioregionaldigital.com.br\/?p=122541","title":{"rendered":"Obra avan\u00e7a, e Gin\u00e1sio Poliesportivo come\u00e7a a ganhar forma"},"content":{"rendered":"<p>O Gin\u00e1sio Poliesportivo &#8220;Jornalista Ant\u00f4nio Marcos&#8221; come\u00e7a a ganhar nova forma, com a obra em ritmo acelerado. A empresa executora est\u00e1 atuando em v\u00e1rias frentes de trabalho, entre elas, a da cobertura do gin\u00e1sio, composta de tr\u00eas treli\u00e7as que fazem o m\u00f3dulo central, servindo de sustenta\u00e7\u00e3o para a cobertura. Nessa quarta-feira, 10, a terceira e \u00faltima treli\u00e7a foi colocada, al\u00e9m das vigas, finalizando, assim, a estrutura central da cobertura.<\/p>\n<p>Boa parte da arquibancada estruturada foi concretada, e teve in\u00edcio a constru\u00e7\u00e3o do reservat\u00f3rio de \u00e1gua, que ser\u00e1 dividido em dois m\u00f3dulos: um de \u00e1gua pot\u00e1vel e outro de \u00e1gua de reuso, para irriga\u00e7\u00e3o e reserva de inc\u00eandio. O reservat\u00f3rio, situado na Avenida Engenheiro Valdir Pedro Monachesi, e a laje de cobertura comp\u00f5em o espa\u00e7o que funcionar\u00e1 como um mirante, onde as pessoas poder\u00e3o apreciar a vista do complexo, composto pelo Gin\u00e1sio e pelo Est\u00e1dio Municipal Radialista M\u00e1rio Hel\u00eanio.<\/p>\n<p><strong>Estrutura do Gin\u00e1sio<\/strong><\/p>\n<p>Situada no Bairro Aeroporto, a estrutura tem capacidade para cerca de cinco mil pessoas e permitir\u00e1 a realiza\u00e7\u00e3o de jogos oficiais de futsal, v\u00f4lei, basquete e handebol na cidade. O equipamento, que integrar\u00e1 o complexo esportivo junto com o Est\u00e1dio Municipal Radialista M\u00e1rio Hel\u00eanio, foi projetado para atender a padr\u00f5es definidos por \u00f3rg\u00e3os internacionais.<\/p>\n<p>A unidade contar\u00e1 com estrutura capaz de sediar eventos nacionais e internacionais, suprindo a car\u00eancia de espa\u00e7os que possam promover a profissionaliza\u00e7\u00e3o da atividade esportiva de alto n\u00edvel. O gin\u00e1sio ter\u00e1 acessibilidade plena, quadra poliesportiva, salas multiuso para cursos de forma\u00e7\u00e3o e aperfei\u00e7oamento, vesti\u00e1rios com acessibilidade, sala de muscula\u00e7\u00e3o e de descanso para os atletas e, na \u00e1rea externa, pra\u00e7a de alimenta\u00e7\u00e3o e espa\u00e7o para uso variado, com palco. O projeto, sintonizado com quest\u00f5es ambientais, prev\u00ea tamb\u00e9m, por exemplo, a reutiliza\u00e7\u00e3o das \u00e1guas pluviais e sanit\u00e1rias e projetos de ilumina\u00e7\u00e3o e ventila\u00e7\u00e3o naturais.<\/p>\n<p>Fonte: PJF<\/p>\n","protected":false},"excerpt":{"rendered":"<p>O Gin\u00e1sio Poliesportivo &#8220;Jornalista Ant\u00f4nio Marcos&#8221; come\u00e7a a ganhar nova forma, com a obra em ritmo acelerado. A empresa executora est\u00e1 atuando em v\u00e1rias frentes de trabalho, entre elas, a da cobertura do gin\u00e1sio, composta de tr\u00eas treli\u00e7as que fazem o m\u00f3dulo central, servindo de sustenta\u00e7\u00e3o para a cobertura. Nessa quarta-feira, 10, a terceira e [&hellip;]<\/p>\n","protected":false},"author":96,"featured_media":122543,"comment_status":"closed","ping_status":"closed","sticky":false,"template":"","format":"standard","meta":{"footnotes":""},"categories":[257,439],"tags":[],"class_list":["post-122541","post","type-post","status-publish","format-standard","has-post-thumbnail","hentry","category-esporte","category-ultima-hora"],"_links":{"self":[{"href":"https:\/\/diarioregionaldigital.com.br\/index.php?rest_route=\/wp\/v2\/posts\/122541","targetHints":{"allow":["GET"]}}],"collection":[{"href":"https:\/\/diarioregionaldigital.com.br\/index.php?rest_route=\/wp\/v2\/posts"}],"about":[{"href":"https:\/\/diarioregionaldigital.com.br\/index.php?rest_route=\/wp\/v2\/types\/post"}],"author":[{"embeddable":true,"href":"https:\/\/diarioregionaldigital.com.br\/index.php?rest_route=\/wp\/v2\/users\/96"}],"replies":[{"embeddable":true,"href":"https:\/\/diarioregionaldigital.com.br\/index.php?rest_route=%2Fwp%2Fv2%2Fcomments&post=122541"}],"version-history":[{"count":0,"href":"https:\/\/diarioregionaldigital.com.br\/index.php?rest_route=\/wp\/v2\/posts\/122541\/revisions"}],"wp:featuredmedia":[{"embeddable":true,"href":"https:\/\/diarioregionaldigital.com.br\/index.php?rest_route=\/wp\/v2\/media\/122543"}],"wp:attachment":[{"href":"https:\/\/diarioregionaldigital.com.br\/index.php?rest_route=%2Fwp%2Fv2%2Fmedia&parent=122541"}],"wp:term":[{"taxonomy":"category","embeddable":true,"href":"https:\/\/diarioregionaldigital.com.br\/index.php?rest_route=%2Fwp%2Fv2%2Fcategories&post=122541"},{"taxonomy":"post_tag","embeddable":true,"href":"https:\/\/diarioregionaldigital.com.br\/index.php?rest_route=%2Fwp%2Fv2%2Ftags&post=122541"}],"curies":[{"name":"wp","href":"https:\/\/api.w.org\/{rel}","templated":true}]}}