{"id":122535,"date":"2018-10-11T22:30:58","date_gmt":"2018-10-12T01:30:58","guid":{"rendered":"https:\/\/diarioregionaldigital.com.br\/?p=122535"},"modified":"2018-10-11T22:30:58","modified_gmt":"2018-10-12T01:30:58","slug":"atletas-de-juiz-de-fora-recebem-mais-um-espaco-para-treino-de-parajiu-jitsu","status":"publish","type":"post","link":"https:\/\/diarioregionaldigital.com.br\/?p=122535","title":{"rendered":"Atletas de Juiz de Fora recebem mais um espa\u00e7o para treino de Parajiu-jitsu"},"content":{"rendered":"<p>\u201cOss!\u201d. A express\u00e3o japonesa, comum entre os praticantes de Jiu-Jitsu, agora tamb\u00e9m \u00e9 ouvida no gin\u00e1sio poliesportivo da Secretaria de Esporte e Lazer (SEL), da Prefeitura de Juiz de Fora (PJF). Na tarde da quarta-feira, 10, aconteceu mais um treino da modalidade parajiu-jitsu, oferecida pelos mestres Fl\u00e1vio Naval e Andr\u00e9 Santos. Uma das alunas \u00e9 Marcelina do Nascimento, 37, que tem sequela de paralisia cerebral. Ela conta como foi curioso seu primeiro contato com o esporte: \u201cEstava em casa cansada da minha rotina de s\u00f3 me movimentar por sess\u00f5es de fisioterapia. Vi na televis\u00e3o uma mat\u00e9ria sobre jiu-jitsu e pensei: \u00e9 isso que quero pra minha vida.\u201d A escolha se mostrou acertada. Hoje, depois de seis meses de dedica\u00e7\u00e3o, a atleta j\u00e1 acumula os t\u00edtulos do \u201cJacarepagu\u00e1 Open\u201d, disputado no Rio de Janeiro, e do \u201cCircuito Bud\u00f4\u201d, conquistado no \u00faltimo m\u00eas, aqui em Juiz de Fora. Marcelina ainda se prepara para a disputa do Gran Slam, em novembro, na capital fluminense.<\/p>\n<p><strong>Turmas para pessoa com defici\u00eancia e crian\u00e7as<\/strong><\/p>\n<p>As aulas de parajiu-jitsu s\u00e3o realizadas \u00e0s segundas-feiras, das 9 \u00e0s 11 horas, e \u00e0s quartas-feiras, das 14 \u00e0s 16 horas, na quadra da SEL. Al\u00e9m da modalidade para pessoa com defici\u00eancia (PCD), a inten\u00e7\u00e3o \u00e9 formar turmas infantis de jiu-jitsu convencional, para crian\u00e7as a partir de 6 anos de idade. Para o professor Fl\u00e1vio Naval, o esporte \u00e9 fundamental para quem deseja sair da rotina: \u201cTemos o intuito de oportunizar a pr\u00e1tica do jiu-jitsu em todas as classes e derrubar todos os obst\u00e1culos. Em rela\u00e7\u00e3o aos alunos com defici\u00eancia, vamos procurar entender as limita\u00e7\u00f5es de cada um e adapt\u00e1-las da melhor forma no tatame\u201d.<\/p>\n<p>Os interessados devem se dirigir ao gin\u00e1sio poliesportivo da SEL nos hor\u00e1rios das aulas e procurar diretamente os professores respons\u00e1veis, munidos de documento de identifica\u00e7\u00e3o e atestado m\u00e9dico liberando para a pr\u00e1tica esportiva.<\/p>\n<p>&nbsp;<\/p>\n","protected":false},"excerpt":{"rendered":"<p>\u201cOss!\u201d. A express\u00e3o japonesa, comum entre os praticantes de Jiu-Jitsu, agora tamb\u00e9m \u00e9 ouvida no gin\u00e1sio poliesportivo da Secretaria de Esporte e Lazer (SEL), da Prefeitura de Juiz de Fora (PJF). Na tarde da quarta-feira, 10, aconteceu mais um treino da modalidade parajiu-jitsu, oferecida pelos mestres Fl\u00e1vio Naval e Andr\u00e9 Santos. Uma das alunas \u00e9 [&hellip;]<\/p>\n","protected":false},"author":96,"featured_media":122538,"comment_status":"closed","ping_status":"closed","sticky":false,"template":"","format":"standard","meta":{"footnotes":""},"categories":[257,439],"tags":[],"class_list":["post-122535","post","type-post","status-publish","format-standard","has-post-thumbnail","hentry","category-esporte","category-ultima-hora"],"_links":{"self":[{"href":"https:\/\/diarioregionaldigital.com.br\/index.php?rest_route=\/wp\/v2\/posts\/122535","targetHints":{"allow":["GET"]}}],"collection":[{"href":"https:\/\/diarioregionaldigital.com.br\/index.php?rest_route=\/wp\/v2\/posts"}],"about":[{"href":"https:\/\/diarioregionaldigital.com.br\/index.php?rest_route=\/wp\/v2\/types\/post"}],"author":[{"embeddable":true,"href":"https:\/\/diarioregionaldigital.com.br\/index.php?rest_route=\/wp\/v2\/users\/96"}],"replies":[{"embeddable":true,"href":"https:\/\/diarioregionaldigital.com.br\/index.php?rest_route=%2Fwp%2Fv2%2Fcomments&post=122535"}],"version-history":[{"count":0,"href":"https:\/\/diarioregionaldigital.com.br\/index.php?rest_route=\/wp\/v2\/posts\/122535\/revisions"}],"wp:featuredmedia":[{"embeddable":true,"href":"https:\/\/diarioregionaldigital.com.br\/index.php?rest_route=\/wp\/v2\/media\/122538"}],"wp:attachment":[{"href":"https:\/\/diarioregionaldigital.com.br\/index.php?rest_route=%2Fwp%2Fv2%2Fmedia&parent=122535"}],"wp:term":[{"taxonomy":"category","embeddable":true,"href":"https:\/\/diarioregionaldigital.com.br\/index.php?rest_route=%2Fwp%2Fv2%2Fcategories&post=122535"},{"taxonomy":"post_tag","embeddable":true,"href":"https:\/\/diarioregionaldigital.com.br\/index.php?rest_route=%2Fwp%2Fv2%2Ftags&post=122535"}],"curies":[{"name":"wp","href":"https:\/\/api.w.org\/{rel}","templated":true}]}}