{"id":122505,"date":"2018-10-12T06:00:04","date_gmt":"2018-10-12T09:00:04","guid":{"rendered":"https:\/\/diarioregionaldigital.com.br\/?p=122505"},"modified":"2018-10-12T03:44:29","modified_gmt":"2018-10-12T06:44:29","slug":"dia-das-criancas-2","status":"publish","type":"post","link":"https:\/\/diarioregionaldigital.com.br\/?p=122505","title":{"rendered":"Dia das Crian\u00e7as"},"content":{"rendered":"<p style=\"text-align: center;\"><strong>Teatro<\/strong><\/p>\n<p style=\"text-align: center;\">Usando o palco do Forum da Cultura da UFJF como refer\u00eancia, o Grupo Divulga\u00e7\u00e3o estreou a pe\u00e7a \u201cA Bala de Prata\u201d, com texto e dire\u00e7\u00e3o de Jos\u00e9 Luiz Ribeiro. O espet\u00e1culo \u00e9 um drama social e marca o retorno das montagens com tem\u00e1tica rural do Grupo Divulga\u00e7\u00e3o j\u00e1 bastante conhecida do p\u00fablico. A temporada teatral vai at\u00e9 o dia 25 de novembro, de quarta a domingo, \u00e0s 20h30.<\/p>\n<p style=\"text-align: center;\"><strong>M\u00eas da Crian\u00e7a<\/strong><\/p>\n<p style=\"text-align: center;\">Para alegrar a crian\u00e7ada um dos maiores cl\u00e1ssicos infantis chega aos palcos do Divers\u00e3o em Cena ArcelorMittal, em Juiz de Fora. \u201cPinochio\u201d, da ER Arte Produ\u00e7\u00f5es, ser\u00e1 apresentado no dia 14 de outubro (domingo), a partir das 16h, no Teatro Solar. Considerado o maior programa nacional de forma\u00e7\u00e3o de p\u00fablico infantil no Brasil, o Divers\u00e3o em Cena ArcelorMittal \u00e9 viabilizado por meio da Lei Estadual de Incentivo \u00e0 Cultura e tem o objetivo de contribuir para forma\u00e7\u00e3o de p\u00fablico para teatro, oferecendo espet\u00e1culos de qualidade.<\/p>\n<p style=\"text-align: center;\"><strong>Economia X<\/strong><\/p>\n<p style=\"text-align: center;\">Sem recursos para novos investimentos, Eike Batista acaba de levantar R$20 milh\u00f5es. Fechou com inquilino um contrato de antecipa\u00e7\u00e3o de dez anos do aluguel da MDX, um moderno pr\u00e9dio na Barra da Tijuca, um dos poucos ativos que lhe restou.<\/p>\n<p style=\"text-align: center;\"><strong>Zero Diversidade<\/strong><\/p>\n<p style=\"text-align: center;\">A Caixa Econ\u00f4mica Federal fez um recrutamento para contratar no mercado quatro vice-presidentes &#8211; ali\u00e1s, j\u00e1 escolhidos. Um total de 130 candidatos apareceram, sendo todos de boa apar\u00eancia e com escolaridade alta. Chamou aten\u00e7\u00e3o o fato de nenhuma mulher ter aparecido na lista.<\/p>\n<p style=\"text-align: center;\"><strong>Castanholas<\/strong><\/p>\n<p style=\"text-align: center;\">Elegante e simp\u00e1tica, Dymara Ferreira Matos participou, em Val\u00eancia, no cora\u00e7\u00e3o da Espanha, de cursos de terapia energ\u00e9tica com a professora Vianna Stibal, criadora da t\u00e9cnica em 1994, ap\u00f3s vivenciar sua pr\u00f3pria cura. Refer\u00eancia em mais de 40 pa\u00edses, o aperfei\u00e7oamento em Theta Healing reuniu 200 alunos de diversos pa\u00edses.<\/p>\n<p style=\"text-align: center;\"><span style=\"font-size: 14pt;\"><strong>Dia das Crian\u00e7as<\/strong><\/span><\/p>\n<p style=\"text-align: center;\">Hoje fazemos uma homenagem para o \u201cDia das Crian\u00e7as\u201d, reunindo algumas pessoas queridas para que o dia seja de alegria e alto astral. Em fotos especiais, a ternura deste colunista em forma de homenagem a todas as crian\u00e7as do Brasil. Confiram.<\/p>\n<div id=\"attachment_122513\" style=\"width: 690px\" class=\"wp-caption aligncenter\"><img loading=\"lazy\" decoding=\"async\" aria-describedby=\"caption-attachment-122513\" class=\"wp-image-122513\" src=\"https:\/\/diarioregionaldigital.com.br\/wp-content\/uploads\/2018\/10\/fotoa-12-e1539325330157.jpg\" alt=\"\" width=\"680\" height=\"782\" srcset=\"https:\/\/diarioregionaldigital.com.br\/wp-content\/uploads\/2018\/10\/fotoa-12-e1539325330157.jpg 1169w, https:\/\/diarioregionaldigital.com.br\/wp-content\/uploads\/2018\/10\/fotoa-12-e1539325330157-261x300.jpg 261w, https:\/\/diarioregionaldigital.com.br\/wp-content\/uploads\/2018\/10\/fotoa-12-e1539325330157-768x883.jpg 768w, https:\/\/diarioregionaldigital.com.br\/wp-content\/uploads\/2018\/10\/fotoa-12-e1539325330157-891x1024.jpg 891w, https:\/\/diarioregionaldigital.com.br\/wp-content\/uploads\/2018\/10\/fotoa-12-e1539325330157-360x414.jpg 360w\" sizes=\"auto, (max-width: 680px) 100vw, 680px\" \/><p id=\"caption-attachment-122513\" class=\"wp-caption-text\">A linda estrelinha Valentina Abra\u00e3o Carneiro, representando todas as crian\u00e7as Big P\u00e3o de Juiz de Fora<\/p><\/div>\n<div id=\"attachment_122514\" style=\"width: 690px\" class=\"wp-caption aligncenter\"><img loading=\"lazy\" decoding=\"async\" aria-describedby=\"caption-attachment-122514\" class=\"wp-image-122514\" src=\"https:\/\/diarioregionaldigital.com.br\/wp-content\/uploads\/2018\/10\/fotoaa-5-e1539325369539.jpg\" alt=\"\" width=\"680\" height=\"490\" srcset=\"https:\/\/diarioregionaldigital.com.br\/wp-content\/uploads\/2018\/10\/fotoaa-5-e1539325369539.jpg 912w, https:\/\/diarioregionaldigital.com.br\/wp-content\/uploads\/2018\/10\/fotoaa-5-e1539325369539-300x216.jpg 300w, https:\/\/diarioregionaldigital.com.br\/wp-content\/uploads\/2018\/10\/fotoaa-5-e1539325369539-768x553.jpg 768w, https:\/\/diarioregionaldigital.com.br\/wp-content\/uploads\/2018\/10\/fotoaa-5-e1539325369539-360x259.jpg 360w\" sizes=\"auto, (max-width: 680px) 100vw, 680px\" \/><p id=\"caption-attachment-122514\" class=\"wp-caption-text\">Leonardo Jesus e o sobrinho Pedro William<\/p><\/div>\n<div id=\"attachment_122515\" style=\"width: 690px\" class=\"wp-caption aligncenter\"><img loading=\"lazy\" decoding=\"async\" aria-describedby=\"caption-attachment-122515\" class=\"wp-image-122515\" src=\"https:\/\/diarioregionaldigital.com.br\/wp-content\/uploads\/2018\/10\/fotob-9-e1539325404410.jpg\" alt=\"\" width=\"680\" height=\"576\" srcset=\"https:\/\/diarioregionaldigital.com.br\/wp-content\/uploads\/2018\/10\/fotob-9-e1539325404410.jpg 768w, https:\/\/diarioregionaldigital.com.br\/wp-content\/uploads\/2018\/10\/fotob-9-e1539325404410-300x254.jpg 300w, https:\/\/diarioregionaldigital.com.br\/wp-content\/uploads\/2018\/10\/fotob-9-e1539325404410-360x305.jpg 360w\" sizes=\"auto, (max-width: 680px) 100vw, 680px\" \/><p id=\"caption-attachment-122515\" class=\"wp-caption-text\">Junior Pires e Deborah Pires<\/p><\/div>\n<div id=\"attachment_122516\" style=\"width: 690px\" class=\"wp-caption aligncenter\"><img loading=\"lazy\" decoding=\"async\" aria-describedby=\"caption-attachment-122516\" class=\"wp-image-122516\" src=\"https:\/\/diarioregionaldigital.com.br\/wp-content\/uploads\/2018\/10\/fotobb-3-e1539325453565.jpg\" alt=\"\" width=\"680\" height=\"534\" srcset=\"https:\/\/diarioregionaldigital.com.br\/wp-content\/uploads\/2018\/10\/fotobb-3-e1539325453565.jpg 636w, https:\/\/diarioregionaldigital.com.br\/wp-content\/uploads\/2018\/10\/fotobb-3-e1539325453565-300x235.jpg 300w, https:\/\/diarioregionaldigital.com.br\/wp-content\/uploads\/2018\/10\/fotobb-3-e1539325453565-360x282.jpg 360w\" sizes=\"auto, (max-width: 680px) 100vw, 680px\" \/><p id=\"caption-attachment-122516\" class=\"wp-caption-text\">Leonardo Chillis e Regina Ferreira com o filho Arthur Carlos.<\/p><\/div>\n<div id=\"attachment_122517\" style=\"width: 690px\" class=\"wp-caption aligncenter\"><img loading=\"lazy\" decoding=\"async\" aria-describedby=\"caption-attachment-122517\" class=\"wp-image-122517\" src=\"https:\/\/diarioregionaldigital.com.br\/wp-content\/uploads\/2018\/10\/fotoc-9-e1539325478496.jpg\" alt=\"\" width=\"680\" height=\"472\" srcset=\"https:\/\/diarioregionaldigital.com.br\/wp-content\/uploads\/2018\/10\/fotoc-9-e1539325478496.jpg 1574w, https:\/\/diarioregionaldigital.com.br\/wp-content\/uploads\/2018\/10\/fotoc-9-e1539325478496-300x208.jpg 300w, https:\/\/diarioregionaldigital.com.br\/wp-content\/uploads\/2018\/10\/fotoc-9-e1539325478496-768x533.jpg 768w, https:\/\/diarioregionaldigital.com.br\/wp-content\/uploads\/2018\/10\/fotoc-9-e1539325478496-1024x711.jpg 1024w, https:\/\/diarioregionaldigital.com.br\/wp-content\/uploads\/2018\/10\/fotoc-9-e1539325478496-360x250.jpg 360w, https:\/\/diarioregionaldigital.com.br\/wp-content\/uploads\/2018\/10\/fotoc-9-e1539325478496-100x70.jpg 100w\" sizes=\"auto, (max-width: 680px) 100vw, 680px\" \/><p id=\"caption-attachment-122517\" class=\"wp-caption-text\">Eduardo Gomes e uma crian\u00e7a-f\u00e3<\/p><\/div>\n<div id=\"attachment_122520\" style=\"width: 690px\" class=\"wp-caption aligncenter\"><img loading=\"lazy\" decoding=\"async\" aria-describedby=\"caption-attachment-122520\" class=\"wp-image-122520\" src=\"https:\/\/diarioregionaldigital.com.br\/wp-content\/uploads\/2018\/10\/fotoi-9-e1539325509735.jpg\" alt=\"\" width=\"680\" height=\"468\" srcset=\"https:\/\/diarioregionaldigital.com.br\/wp-content\/uploads\/2018\/10\/fotoi-9-e1539325509735.jpg 960w, https:\/\/diarioregionaldigital.com.br\/wp-content\/uploads\/2018\/10\/fotoi-9-e1539325509735-300x206.jpg 300w, https:\/\/diarioregionaldigital.com.br\/wp-content\/uploads\/2018\/10\/fotoi-9-e1539325509735-768x528.jpg 768w, https:\/\/diarioregionaldigital.com.br\/wp-content\/uploads\/2018\/10\/fotoi-9-e1539325509735-360x248.jpg 360w, https:\/\/diarioregionaldigital.com.br\/wp-content\/uploads\/2018\/10\/fotoi-9-e1539325509735-100x70.jpg 100w\" sizes=\"auto, (max-width: 680px) 100vw, 680px\" \/><p id=\"caption-attachment-122520\" class=\"wp-caption-text\">Amanda Branco.<\/p><\/div>\n<div id=\"attachment_122510\" style=\"width: 690px\" class=\"wp-caption aligncenter\"><img loading=\"lazy\" decoding=\"async\" aria-describedby=\"caption-attachment-122510\" class=\"wp-image-122510\" src=\"https:\/\/diarioregionaldigital.com.br\/wp-content\/uploads\/2018\/10\/fotof-8-e1539326176129.jpg\" alt=\"\" width=\"680\" height=\"538\" srcset=\"https:\/\/diarioregionaldigital.com.br\/wp-content\/uploads\/2018\/10\/fotof-8-e1539326176129.jpg 950w, https:\/\/diarioregionaldigital.com.br\/wp-content\/uploads\/2018\/10\/fotof-8-e1539326176129-300x237.jpg 300w, https:\/\/diarioregionaldigital.com.br\/wp-content\/uploads\/2018\/10\/fotof-8-e1539326176129-768x607.jpg 768w, https:\/\/diarioregionaldigital.com.br\/wp-content\/uploads\/2018\/10\/fotof-8-e1539326176129-360x285.jpg 360w\" sizes=\"auto, (max-width: 680px) 100vw, 680px\" \/><p id=\"caption-attachment-122510\" class=\"wp-caption-text\">As Cruz-Pierce, Sarah, Ana e Helena<\/p><\/div>\n<div id=\"attachment_122509\" style=\"width: 690px\" class=\"wp-caption aligncenter\"><img loading=\"lazy\" decoding=\"async\" aria-describedby=\"caption-attachment-122509\" class=\"wp-image-122509\" src=\"https:\/\/diarioregionaldigital.com.br\/wp-content\/uploads\/2018\/10\/fotoe-9-e1539326152183.jpg\" alt=\"\" width=\"680\" height=\"518\" srcset=\"https:\/\/diarioregionaldigital.com.br\/wp-content\/uploads\/2018\/10\/fotoe-9-e1539326152183.jpg 791w, https:\/\/diarioregionaldigital.com.br\/wp-content\/uploads\/2018\/10\/fotoe-9-e1539326152183-300x228.jpg 300w, https:\/\/diarioregionaldigital.com.br\/wp-content\/uploads\/2018\/10\/fotoe-9-e1539326152183-768x584.jpg 768w, https:\/\/diarioregionaldigital.com.br\/wp-content\/uploads\/2018\/10\/fotoe-9-e1539326152183-360x274.jpg 360w\" sizes=\"auto, (max-width: 680px) 100vw, 680px\" \/><p id=\"caption-attachment-122509\" class=\"wp-caption-text\">Rafael Gouv\u00eaa e Isabella.<\/p><\/div>\n<div id=\"attachment_122508\" style=\"width: 690px\" class=\"wp-caption aligncenter\"><img loading=\"lazy\" decoding=\"async\" aria-describedby=\"caption-attachment-122508\" class=\"wp-image-122508\" src=\"https:\/\/diarioregionaldigital.com.br\/wp-content\/uploads\/2018\/10\/fotod-8-e1539326132426.jpg\" alt=\"\" width=\"680\" height=\"546\" srcset=\"https:\/\/diarioregionaldigital.com.br\/wp-content\/uploads\/2018\/10\/fotod-8-e1539326132426.jpg 952w, https:\/\/diarioregionaldigital.com.br\/wp-content\/uploads\/2018\/10\/fotod-8-e1539326132426-300x241.jpg 300w, https:\/\/diarioregionaldigital.com.br\/wp-content\/uploads\/2018\/10\/fotod-8-e1539326132426-768x617.jpg 768w, https:\/\/diarioregionaldigital.com.br\/wp-content\/uploads\/2018\/10\/fotod-8-e1539326132426-360x289.jpg 360w\" sizes=\"auto, (max-width: 680px) 100vw, 680px\" \/><p id=\"caption-attachment-122508\" class=\"wp-caption-text\">Luis Felipe de Landa Mattos<\/p><\/div>\n<div id=\"attachment_122523\" style=\"width: 690px\" class=\"wp-caption aligncenter\"><img loading=\"lazy\" decoding=\"async\" aria-describedby=\"caption-attachment-122523\" class=\"wp-image-122523\" src=\"https:\/\/diarioregionaldigital.com.br\/wp-content\/uploads\/2018\/10\/fotog-9-e1539325572681.jpg\" alt=\"\" width=\"680\" height=\"491\" srcset=\"https:\/\/diarioregionaldigital.com.br\/wp-content\/uploads\/2018\/10\/fotog-9-e1539325572681.jpg 720w, https:\/\/diarioregionaldigital.com.br\/wp-content\/uploads\/2018\/10\/fotog-9-e1539325572681-300x217.jpg 300w, https:\/\/diarioregionaldigital.com.br\/wp-content\/uploads\/2018\/10\/fotog-9-e1539325572681-360x260.jpg 360w\" sizes=\"auto, (max-width: 680px) 100vw, 680px\" \/><p id=\"caption-attachment-122523\" class=\"wp-caption-text\">Giulia Moreira Caruso.<\/p><\/div>\n<div id=\"attachment_122524\" style=\"width: 690px\" class=\"wp-caption aligncenter\"><img loading=\"lazy\" decoding=\"async\" aria-describedby=\"caption-attachment-122524\" class=\"wp-image-122524\" src=\"https:\/\/diarioregionaldigital.com.br\/wp-content\/uploads\/2018\/10\/fotoj-7-e1539325592597.jpg\" alt=\"\" width=\"680\" height=\"478\" srcset=\"https:\/\/diarioregionaldigital.com.br\/wp-content\/uploads\/2018\/10\/fotoj-7-e1539325592597.jpg 854w, https:\/\/diarioregionaldigital.com.br\/wp-content\/uploads\/2018\/10\/fotoj-7-e1539325592597-300x210.jpg 300w, https:\/\/diarioregionaldigital.com.br\/wp-content\/uploads\/2018\/10\/fotoj-7-e1539325592597-768x540.jpg 768w, https:\/\/diarioregionaldigital.com.br\/wp-content\/uploads\/2018\/10\/fotoj-7-e1539325592597-360x253.jpg 360w, https:\/\/diarioregionaldigital.com.br\/wp-content\/uploads\/2018\/10\/fotoj-7-e1539325592597-100x70.jpg 100w\" sizes=\"auto, (max-width: 680px) 100vw, 680px\" \/><p id=\"caption-attachment-122524\" class=\"wp-caption-text\">Marcelle Oliveira e Ana Carolina de Oliveira Maximiano.<\/p><\/div>\n<div id=\"attachment_122522\" style=\"width: 690px\" class=\"wp-caption aligncenter\"><img loading=\"lazy\" decoding=\"async\" aria-describedby=\"caption-attachment-122522\" class=\"wp-image-122522\" src=\"https:\/\/diarioregionaldigital.com.br\/wp-content\/uploads\/2018\/10\/fotoh-9-e1539325540874.jpg\" alt=\"\" width=\"680\" height=\"463\" srcset=\"https:\/\/diarioregionaldigital.com.br\/wp-content\/uploads\/2018\/10\/fotoh-9-e1539325540874.jpg 1172w, https:\/\/diarioregionaldigital.com.br\/wp-content\/uploads\/2018\/10\/fotoh-9-e1539325540874-300x204.jpg 300w, https:\/\/diarioregionaldigital.com.br\/wp-content\/uploads\/2018\/10\/fotoh-9-e1539325540874-768x523.jpg 768w, https:\/\/diarioregionaldigital.com.br\/wp-content\/uploads\/2018\/10\/fotoh-9-e1539325540874-1024x697.jpg 1024w, https:\/\/diarioregionaldigital.com.br\/wp-content\/uploads\/2018\/10\/fotoh-9-e1539325540874-360x245.jpg 360w\" sizes=\"auto, (max-width: 680px) 100vw, 680px\" \/><p id=\"caption-attachment-122522\" class=\"wp-caption-text\">Gabriela, Matheus, Arthur, Bruno e Maria Rita Gomes da Rocha.<\/p><\/div>\n<p style=\"text-align: center;\"><strong>FOTOSS\u00cdNTESE<\/strong><\/p>\n<p>O cantor Marcus Lima anima a tarde desta 6\u00aa feira 12, \u00e0s 16h, no Bar do Markim, na rua Santo Ant\u00f4nio esquina com rua Paula Lima. Participa\u00e7\u00e3o especial do cantor Wesley Ferry. M\u00fasicas jovens e de qualidade para ouvir e dan\u00e7ar.<\/p>\n<p>O antenado Vin\u00edcius Gon\u00e7alves promove mais um evento A Feira #3, no s\u00e1bado, 13, \u00e0s 14h, no Experimental Container Bar. Em cena, roupas lindas, objetos de decora\u00e7\u00e3o e gastronomia.<\/p>\n<p>Dona da melhor campanha no momento, a dupla formada por Luc\u00e3o e Pedr\u00e3o do Sport liderou a primeira semana do Brasileir\u00e3o de Futv\u00f4lei Gonzag\u00e3o. Os jogos acontecem na Arena Gonzag\u00e3o (Antiga Estrada Salvaterra).<\/p>\n<p>Dona das urnas nas elei\u00e7\u00f5es 2018, a delegada Sheila Oliveira vai representar Juiz de Fora na Assembleia Legislativa, com lindos 80 mil votos. Para assumir sua cadeira na C\u00e2mara Municipal, foi convocado o suplente Nilton Milit\u00e3o.<\/p>\n<p>No Memorial da Rep\u00fablica Itamar Franco, Luciano Lima J\u00fanior est\u00e1 expondo suas fotografias com o tema \u201cA\u00e7\u00e3o do Instante\u201d.<\/p>\n<p>Ada Medeiros est\u00e1 revestindo as paredes da Galeria de Arte do Forum da Cultura da UFJF com belos quadros com o tema \u201cDimens\u00f5es do Di\u00e1logo\u201d.<\/p>\n<p>Na 6\u00aa feira, 12 de outubro, \u00e9 comemorado o Dia das Crian\u00e7as e Dia de Nossa Senhora Aparecida. Na Igreja da Padroeira do Brasil, no bairro Nossa Senhora Aparecida, haver\u00e1 missa o dia todo e \u00e0 noite prociss\u00e3o luminosa.<\/p>\n<p>A escritora Denise Doro lan\u00e7ou \u201cO jogo da vida\u201d, livro em que ela escreve sobre ang\u00fastias, amor e respeito humano pelas diferen\u00e7as.<\/p>\n<p>Conjugando pura arte, o Museu de Arte Murilo Mendes promove exposi\u00e7\u00e3o Arte Brasileira: Cole\u00e7\u00e3o Murilo Mendes com 50 obras de 20 artistas do acervo do poeta.<\/p>\n<p>Leonardo Fernandes est\u00e1 sob o c\u00e9u de Montevideo (Uruguai), onde faz palestra no Congresso Mundial do Direito do Trabalho e Processual.<\/p>\n<p>Para refletir: \u201cFeche algumas portas, n\u00e3o por orgulho ou arrog\u00e2ncia, mas porque j\u00e1 n\u00e3o levam a lugar nenhum\u201d. Bom dia!<\/p>\n","protected":false},"excerpt":{"rendered":"<p>Teatro Usando o palco do Forum da Cultura da UFJF como refer\u00eancia, o Grupo Divulga\u00e7\u00e3o estreou a pe\u00e7a \u201cA Bala de Prata\u201d, com texto e dire\u00e7\u00e3o de Jos\u00e9 Luiz Ribeiro. O espet\u00e1culo \u00e9 um drama social e marca o retorno das montagens com tem\u00e1tica rural do Grupo Divulga\u00e7\u00e3o j\u00e1 bastante conhecida do p\u00fablico. A temporada [&hellip;]<\/p>\n","protected":false},"author":96,"featured_media":122561,"comment_status":"closed","ping_status":"closed","sticky":false,"template":"","format":"standard","meta":{"footnotes":""},"categories":[264],"tags":[],"class_list":["post-122505","post","type-post","status-publish","format-standard","has-post-thumbnail","hentry","category-eduardo-gomes"],"_links":{"self":[{"href":"https:\/\/diarioregionaldigital.com.br\/index.php?rest_route=\/wp\/v2\/posts\/122505","targetHints":{"allow":["GET"]}}],"collection":[{"href":"https:\/\/diarioregionaldigital.com.br\/index.php?rest_route=\/wp\/v2\/posts"}],"about":[{"href":"https:\/\/diarioregionaldigital.com.br\/index.php?rest_route=\/wp\/v2\/types\/post"}],"author":[{"embeddable":true,"href":"https:\/\/diarioregionaldigital.com.br\/index.php?rest_route=\/wp\/v2\/users\/96"}],"replies":[{"embeddable":true,"href":"https:\/\/diarioregionaldigital.com.br\/index.php?rest_route=%2Fwp%2Fv2%2Fcomments&post=122505"}],"version-history":[{"count":0,"href":"https:\/\/diarioregionaldigital.com.br\/index.php?rest_route=\/wp\/v2\/posts\/122505\/revisions"}],"wp:featuredmedia":[{"embeddable":true,"href":"https:\/\/diarioregionaldigital.com.br\/index.php?rest_route=\/wp\/v2\/media\/122561"}],"wp:attachment":[{"href":"https:\/\/diarioregionaldigital.com.br\/index.php?rest_route=%2Fwp%2Fv2%2Fmedia&parent=122505"}],"wp:term":[{"taxonomy":"category","embeddable":true,"href":"https:\/\/diarioregionaldigital.com.br\/index.php?rest_route=%2Fwp%2Fv2%2Fcategories&post=122505"},{"taxonomy":"post_tag","embeddable":true,"href":"https:\/\/diarioregionaldigital.com.br\/index.php?rest_route=%2Fwp%2Fv2%2Ftags&post=122505"}],"curies":[{"name":"wp","href":"https:\/\/api.w.org\/{rel}","templated":true}]}}