{"id":122501,"date":"2018-10-11T20:50:25","date_gmt":"2018-10-11T23:50:25","guid":{"rendered":"https:\/\/diarioregionaldigital.com.br\/?p=122501"},"modified":"2018-10-11T21:06:29","modified_gmt":"2018-10-12T00:06:29","slug":"maes-e-pais-se-tornaram-freelancers-para-ficar-mais-tempo-com-os-filhos","status":"publish","type":"post","link":"https:\/\/diarioregionaldigital.com.br\/?p=122501","title":{"rendered":"M\u00e3es e pais se tornaram freelancers para ficar mais tempo com os filhos"},"content":{"rendered":"<p>Cuidar dos filhos, independentemente da idade, n\u00e3o \u00e9 uma tarefa f\u00e1cil. Agora, cuidar dos filhos e trabalhar \u00e9 ainda mais dif\u00edcil. Por esse motivo, muitos pais optam por deixarem seus empregos formais para cuidar da fam\u00edlia e acabam investindo nos trabalhos de freelancer, uma das op\u00e7\u00f5es mais palp\u00e1veis e que vem crescendo bastante.<\/p>\n<p>De acordo com dados da plataforma Workana, o espa\u00e7o para trabalho freelancer, com atua\u00e7\u00e3o em toda a Am\u00e9rica Latina, cresceu 80% em 2017. Ainda de acordo com a fonte, 40% dos freelancers cadastrados no Brasil t\u00eam filhos. Guillermo Bracciaforte, cofundador da plataforma, diz que essa busca por um labor mais flex\u00edvel tem colaborado para o crescimento dessa atividade. Al\u00e9m disso, tamb\u00e9m proporciona aos profissionais novas oportunidades, movimentando o mercado e levando para as empresas mais profissionais qualificados.<\/p>\n<p>Em outra pesquisa realizada pela Workana, com mais de 1500 mulheres, dentre as que t\u00eam filhos, 46% cuidam deles enquanto trabalham. Ainda dentre as entrevistadas, aproximadamente 44% dessas mulheres trabalham como freelancer em tempo integral, sem conciliar com outro emprego.<\/p>\n<p>Esse \u00e9 o caso de Isabela Bonoto. Ela \u00e9 formada em Telecomunica\u00e7\u00f5es e Jornalismo e trabalhou mais de 12 anos em uma emissora de TV e, atualmente, atua como fot\u00f3grafa freelancer. A decis\u00e3o de desistir do emprego formal partiu da necessidade de ter mais tempo para cuidar do filho Arthur, dois anos. \u201cLogo que eu fui demitida, meu filho tinha apenas nove meses e ent\u00e3o eu n\u00e3o quis procurar um emprego formal para ficar mais tempo com ele. Isso me deu vontade de buscar um trabalho que fosse mais flex\u00edvel e imaginei que pudesse ser assim nessa parte de fotografia\u201d, disse. Isabela se aperfei\u00e7oou mais no ramo fotogr\u00e1fico e investiu em equipamentos para seguir com o novo estilo de vida. Ela conta que trabalha mais fotografando crian\u00e7as e anivers\u00e1rios. \u201cMe d\u00e1 uma flexibilidade bem grande em quest\u00e3o de hor\u00e1rio. Se preciso sair para fazer algum evento, eu deixo o Arthur com a minha m\u00e3e, que \u00e9 algu\u00e9m que ele \u00e9 bastante acostumado\u201d, disse.<\/p>\n<p>As despesas da fam\u00edlia, Isabela divide com o marido. Ela conta que n\u00e3o se arrepende de ter tomado a decis\u00e3o de seguir a carreira profissional como freelancer. \u201cEstou muito satisfeita em poder ficar com meu filho. Financeiramente eu ainda n\u00e3o consegui atingir o ponto que eu gostaria de alcan\u00e7ar com a fotografia, mas eu ainda pretendo continuar vivendo disso\u201d. A fot\u00f3grafa ainda comenta que sempre teve apoio do marido, mas que recebeu alguns coment\u00e1rios negativos por parte dos familiares. \u201cJ\u00e1 ouvi que tinha que procurar outro emprego porque estava \u2018muito parada\u2019. Eu tenho minha opini\u00e3o e n\u00e3o \u2018esquento a cabe\u00e7a\u2019 com isso\u201d, comenta. Isabela ainda disse que n\u00e3o descarta um dia trabalhar em um emprego formal, mas agora essa n\u00e3o \u00e9 a prioridade. \u201cCada coisa no seu tempo\u201d, conclui.<\/p>\n<p>Quem tamb\u00e9m optou por mudan\u00e7as foi o profissional Alessandro Sales. Pai do Allan, seis anos, ele \u00e9 desenvolvedor e programador de software e atua como freelancer h\u00e1 um ano. Ele conta que, atualmente, fazendo home office em tempo integral, conseguiu uma estrutura para ter mais qualidade de vida e passar mais tempo ao lado da fam\u00edlia. &#8220;Estou fazendo muitas coisas que n\u00e3o eram poss\u00edveis, como tomar caf\u00e9 da manh\u00e3 com minha fam\u00edlia, ter intervalos com eles e nos hor\u00e1rios que eu realizava trabalhos extras, agora eu tenho tempo para a fam\u00edlia&#8221;, comenta Sales<\/p>\n<p>Segundo o levantamento da Workana, 10% dos pais contam com ajuda externa para cuidar dos filhos. Os demais cuidam por conta pr\u00f3pria ou com a ajuda de seu c\u00f4njuge. Dentro desse par\u00e2metro, de 40% dos pais freelancers, 85% s\u00e3o full-time.&#8221;Cada vez mais temos pais que sentem a necessidade de cuidar dos filhos e dividir igualmente as tarefas com a mulher. Isso se alia \u00e0 busca dos profissionais pela harmonia entre vida profissional e pessoal e tem um efeito muito positivo, j\u00e1 que um pai que participa mais em casa proporciona mais liberdade para que a m\u00e3e tamb\u00e9m siga com sua carreira profissional&#8221;, aponta Bracciaforte.<\/p>\n","protected":false},"excerpt":{"rendered":"<p>Cuidar dos filhos, independentemente da idade, n\u00e3o \u00e9 uma tarefa f\u00e1cil. Agora, cuidar dos filhos e trabalhar \u00e9 ainda mais dif\u00edcil. Por esse motivo, muitos pais optam por deixarem seus empregos formais para cuidar da fam\u00edlia e acabam investindo nos trabalhos de freelancer, uma das op\u00e7\u00f5es mais palp\u00e1veis e que vem crescendo bastante. De acordo [&hellip;]<\/p>\n","protected":false},"author":96,"featured_media":122502,"comment_status":"closed","ping_status":"closed","sticky":false,"template":"","format":"standard","meta":{"footnotes":""},"categories":[253,440,439],"tags":[],"class_list":["post-122501","post","type-post","status-publish","format-standard","has-post-thumbnail","hentry","category-cidade","category-destaques-do-dia","category-ultima-hora"],"_links":{"self":[{"href":"https:\/\/diarioregionaldigital.com.br\/index.php?rest_route=\/wp\/v2\/posts\/122501","targetHints":{"allow":["GET"]}}],"collection":[{"href":"https:\/\/diarioregionaldigital.com.br\/index.php?rest_route=\/wp\/v2\/posts"}],"about":[{"href":"https:\/\/diarioregionaldigital.com.br\/index.php?rest_route=\/wp\/v2\/types\/post"}],"author":[{"embeddable":true,"href":"https:\/\/diarioregionaldigital.com.br\/index.php?rest_route=\/wp\/v2\/users\/96"}],"replies":[{"embeddable":true,"href":"https:\/\/diarioregionaldigital.com.br\/index.php?rest_route=%2Fwp%2Fv2%2Fcomments&post=122501"}],"version-history":[{"count":0,"href":"https:\/\/diarioregionaldigital.com.br\/index.php?rest_route=\/wp\/v2\/posts\/122501\/revisions"}],"wp:featuredmedia":[{"embeddable":true,"href":"https:\/\/diarioregionaldigital.com.br\/index.php?rest_route=\/wp\/v2\/media\/122502"}],"wp:attachment":[{"href":"https:\/\/diarioregionaldigital.com.br\/index.php?rest_route=%2Fwp%2Fv2%2Fmedia&parent=122501"}],"wp:term":[{"taxonomy":"category","embeddable":true,"href":"https:\/\/diarioregionaldigital.com.br\/index.php?rest_route=%2Fwp%2Fv2%2Fcategories&post=122501"},{"taxonomy":"post_tag","embeddable":true,"href":"https:\/\/diarioregionaldigital.com.br\/index.php?rest_route=%2Fwp%2Fv2%2Ftags&post=122501"}],"curies":[{"name":"wp","href":"https:\/\/api.w.org\/{rel}","templated":true}]}}